{"id":7290,"date":"2017-02-20T22:12:36","date_gmt":"2017-02-21T00:12:36","guid":{"rendered":"http:\/\/www.ifbaiano.edu.br\/unidades\/lapa\/?p=7290"},"modified":"2017-03-16T18:09:10","modified_gmt":"2017-03-16T20:09:10","slug":"terceira-chamada-de-matriculas-cursos-integrados-e-subsequentes","status":"publish","type":"post","link":"https:\/\/www.ifbaiano.edu.br\/unidades\/lapa\/2017\/02\/20\/terceira-chamada-de-matriculas-cursos-integrados-e-subsequentes\/","title":{"rendered":"Terceira Chamada de Matr\u00edculas &#8211; Cursos Integrados e Subsequentes"},"content":{"rendered":"<p>A Dire\u00e7\u00e3o Acad\u00eamica do Campus Bom Jesus da Lapa torna p\u00fablica a 3\u00aa chamada de matr\u00edculas para os cursos Integrados e Subsequentes do Campus.<\/p>\n<p><a href=\"http:\/\/www.ifbaiano.edu.br\/unidades\/lapa\/files\/2017\/02\/terceira-chamada-lapa.pdf\">ACESSEM AQUI A RELA\u00c7\u00c3O DE CONVOCADOS E A DOCUMENTA\u00c7\u00c3O DE MATR\u00cdCULA <\/a><\/p>\n<p>As matr\u00edculas ser\u00e3o realizadas nos dias 21 e 22 de fevereiro de 2017.<\/p>\n<p>&nbsp;<\/p>\n<p><strong>Fonte<\/strong>: Diretoria Acad\u00eamica &#8211; Campus Bom Jesus da Lapa<\/p>\n","protected":false},"excerpt":{"rendered":"<p>A Dire\u00e7\u00e3o Acad\u00eamica do Campus Bom Jesus da Lapa torna p\u00fablica a 3\u00aa chamada de matr\u00edculas para os cursos Integrados e Subsequentes do Campus. ACESSEM AQUI A RELA\u00c7\u00c3O DE CONVOCADOS E A DOCUMENTA\u00c7\u00c3O DE MATR\u00cdCULA As matr\u00edculas ser\u00e3o realizadas nos dias 21 e 22 de fevereiro de 2017. &nbsp; Fonte: Diretoria Acad\u00eamica &#8211; Campus Bom [&hellip;]<\/p>\n","protected":false},"author":36,"featured_media":0,"comment_status":"open","ping_status":"open","sticky":false,"template":"","format":"standard","meta":[],"categories":[39,24],"tags":[],"_links":{"self":[{"href":"https:\/\/www.ifbaiano.edu.br\/unidades\/lapa\/wp-json\/wp\/v2\/posts\/7290"}],"collection":[{"href":"https:\/\/www.ifbaiano.edu.br\/unidades\/lapa\/wp-json\/wp\/v2\/posts"}],"about":[{"href":"https:\/\/www.ifbaiano.edu.br\/unidades\/lapa\/wp-json\/wp\/v2\/types\/post"}],"author":[{"embeddable":true,"href":"https:\/\/www.ifbaiano.edu.br\/unidades\/lapa\/wp-json\/wp\/v2\/users\/36"}],"replies":[{"embeddable":true,"href":"https:\/\/www.ifbaiano.edu.br\/unidades\/lapa\/wp-json\/wp\/v2\/comments?post=7290"}],"version-history":[{"count":1,"href":"https:\/\/www.ifbaiano.edu.br\/unidades\/lapa\/wp-json\/wp\/v2\/posts\/7290\/revisions"}],"predecessor-version":[{"id":7292,"href":"https:\/\/www.ifbaiano.edu.br\/unidades\/lapa\/wp-json\/wp\/v2\/posts\/7290\/revisions\/7292"}],"wp:attachment":[{"href":"https:\/\/www.ifbaiano.edu.br\/unidades\/lapa\/wp-json\/wp\/v2\/media?parent=7290"}],"wp:term":[{"taxonomy":"category","embeddable":true,"href":"https:\/\/www.ifbaiano.edu.br\/unidades\/lapa\/wp-json\/wp\/v2\/categories?post=7290"},{"taxonomy":"post_tag","embeddable":true,"href":"https:\/\/www.ifbaiano.edu.br\/unidades\/lapa\/wp-json\/wp\/v2\/tags?post=7290"}],"curies":[{"name":"wp","href":"https:\/\/api.w.org\/{rel}","templated":true}]}}