{"id":7295,"date":"2017-02-23T12:13:10","date_gmt":"2017-02-23T14:13:10","guid":{"rendered":"http:\/\/www.ifbaiano.edu.br\/unidades\/lapa\/?p=7295"},"modified":"2017-03-16T18:10:24","modified_gmt":"2017-03-16T20:10:24","slug":"rematriculas-cursos-integrados","status":"publish","type":"post","link":"https:\/\/www.ifbaiano.edu.br\/unidades\/lapa\/2017\/02\/23\/rematriculas-cursos-integrados\/","title":{"rendered":"REMATR\u00cdCULAS CURSOS INTEGRADOS"},"content":{"rendered":"<p>Prezados(as) alunos(as) dos cursos integrados em <strong>Agricultura, Inform\u00e1tica e Agroecologia<\/strong>, informamos que a rematr\u00edcula para a 2\u00aa s\u00e9rie do Ensino M\u00e9dio ser\u00e1 realizada nos dias <strong>06, 07 e 08\/03\/2017<\/strong>, na Secretaria Acad\u00eamica.<\/p>\n<p><u>A rematr\u00edcula ser\u00e1 efetuada pelo pai ou m\u00e3e do aluno, com apresenta\u00e7\u00e3o do RG do estudante.<\/u><\/p>\n<p><strong>Fonte:\u00a0<\/strong>Secretaria de Registros Acad\u00eamicos<\/p>\n<hr \/>\n","protected":false},"excerpt":{"rendered":"<p>Prezados(as) alunos(as) dos cursos integrados em Agricultura, Inform\u00e1tica e Agroecologia, informamos que a rematr\u00edcula para a 2\u00aa s\u00e9rie do Ensino M\u00e9dio ser\u00e1 realizada nos dias 06, 07 e 08\/03\/2017, na Secretaria Acad\u00eamica. A rematr\u00edcula ser\u00e1 efetuada pelo pai ou m\u00e3e do aluno, com apresenta\u00e7\u00e3o do RG do estudante. Fonte:\u00a0Secretaria de Registros Acad\u00eamicos<\/p>\n","protected":false},"author":65,"featured_media":0,"comment_status":"open","ping_status":"open","sticky":false,"template":"","format":"standard","meta":[],"categories":[24],"tags":[],"_links":{"self":[{"href":"https:\/\/www.ifbaiano.edu.br\/unidades\/lapa\/wp-json\/wp\/v2\/posts\/7295"}],"collection":[{"href":"https:\/\/www.ifbaiano.edu.br\/unidades\/lapa\/wp-json\/wp\/v2\/posts"}],"about":[{"href":"https:\/\/www.ifbaiano.edu.br\/unidades\/lapa\/wp-json\/wp\/v2\/types\/post"}],"author":[{"embeddable":true,"href":"https:\/\/www.ifbaiano.edu.br\/unidades\/lapa\/wp-json\/wp\/v2\/users\/65"}],"replies":[{"embeddable":true,"href":"https:\/\/www.ifbaiano.edu.br\/unidades\/lapa\/wp-json\/wp\/v2\/comments?post=7295"}],"version-history":[{"count":5,"href":"https:\/\/www.ifbaiano.edu.br\/unidades\/lapa\/wp-json\/wp\/v2\/posts\/7295\/revisions"}],"predecessor-version":[{"id":7355,"href":"https:\/\/www.ifbaiano.edu.br\/unidades\/lapa\/wp-json\/wp\/v2\/posts\/7295\/revisions\/7355"}],"wp:attachment":[{"href":"https:\/\/www.ifbaiano.edu.br\/unidades\/lapa\/wp-json\/wp\/v2\/media?parent=7295"}],"wp:term":[{"taxonomy":"category","embeddable":true,"href":"https:\/\/www.ifbaiano.edu.br\/unidades\/lapa\/wp-json\/wp\/v2\/categories?post=7295"},{"taxonomy":"post_tag","embeddable":true,"href":"https:\/\/www.ifbaiano.edu.br\/unidades\/lapa\/wp-json\/wp\/v2\/tags?post=7295"}],"curies":[{"name":"wp","href":"https:\/\/api.w.org\/{rel}","templated":true}]}}