{"id":7319,"date":"2017-02-23T12:36:19","date_gmt":"2017-02-23T14:36:19","guid":{"rendered":"http:\/\/www.ifbaiano.edu.br\/unidades\/lapa\/?p=7319"},"modified":"2017-03-16T18:10:52","modified_gmt":"2017-03-16T20:10:52","slug":"reintegracao-ao-curso-2017-1","status":"publish","type":"post","link":"https:\/\/www.ifbaiano.edu.br\/unidades\/lapa\/2017\/02\/23\/reintegracao-ao-curso-2017-1\/","title":{"rendered":"REINTEGRA\u00c7\u00c3O AO CURSO \u2013 2017.1"},"content":{"rendered":"<p style=\"text-align: justify\">Prezados(as) alunos(as) dos <strong>cursos T\u00e9cnicos em Agricultura e Inform\u00e1tica Subsequentes<\/strong>, informamos que as solicita\u00e7\u00f5es de <strong>REINTEGRA\u00c7\u00c3O<\/strong> ao Curso ocorrer\u00e3o no per\u00edodo de <strong>06 a 10\/03\/17, <\/strong>na Secretaria de Registros Acad\u00eamicos.<\/p>\n<p><strong>Fonte:\u00a0<\/strong>Secretaria de Registros Acad\u00eamicos<\/p>\n<hr \/>\n","protected":false},"excerpt":{"rendered":"<p>Prezados(as) alunos(as) dos cursos T\u00e9cnicos em Agricultura e Inform\u00e1tica Subsequentes, informamos que as solicita\u00e7\u00f5es de REINTEGRA\u00c7\u00c3O ao Curso ocorrer\u00e3o no per\u00edodo de 06 a 10\/03\/17, na Secretaria de Registros Acad\u00eamicos. Fonte:\u00a0Secretaria de Registros Acad\u00eamicos<\/p>\n","protected":false},"author":65,"featured_media":0,"comment_status":"open","ping_status":"open","sticky":false,"template":"","format":"standard","meta":[],"categories":[24],"tags":[],"_links":{"self":[{"href":"https:\/\/www.ifbaiano.edu.br\/unidades\/lapa\/wp-json\/wp\/v2\/posts\/7319"}],"collection":[{"href":"https:\/\/www.ifbaiano.edu.br\/unidades\/lapa\/wp-json\/wp\/v2\/posts"}],"about":[{"href":"https:\/\/www.ifbaiano.edu.br\/unidades\/lapa\/wp-json\/wp\/v2\/types\/post"}],"author":[{"embeddable":true,"href":"https:\/\/www.ifbaiano.edu.br\/unidades\/lapa\/wp-json\/wp\/v2\/users\/65"}],"replies":[{"embeddable":true,"href":"https:\/\/www.ifbaiano.edu.br\/unidades\/lapa\/wp-json\/wp\/v2\/comments?post=7319"}],"version-history":[{"count":1,"href":"https:\/\/www.ifbaiano.edu.br\/unidades\/lapa\/wp-json\/wp\/v2\/posts\/7319\/revisions"}],"predecessor-version":[{"id":7320,"href":"https:\/\/www.ifbaiano.edu.br\/unidades\/lapa\/wp-json\/wp\/v2\/posts\/7319\/revisions\/7320"}],"wp:attachment":[{"href":"https:\/\/www.ifbaiano.edu.br\/unidades\/lapa\/wp-json\/wp\/v2\/media?parent=7319"}],"wp:term":[{"taxonomy":"category","embeddable":true,"href":"https:\/\/www.ifbaiano.edu.br\/unidades\/lapa\/wp-json\/wp\/v2\/categories?post=7319"},{"taxonomy":"post_tag","embeddable":true,"href":"https:\/\/www.ifbaiano.edu.br\/unidades\/lapa\/wp-json\/wp\/v2\/tags?post=7319"}],"curies":[{"name":"wp","href":"https:\/\/api.w.org\/{rel}","templated":true}]}}