{"id":7326,"date":"2017-03-05T16:20:29","date_gmt":"2017-03-05T18:20:29","guid":{"rendered":"http:\/\/www.ifbaiano.edu.br\/unidades\/lapa\/?p=7326"},"modified":"2017-03-24T15:19:38","modified_gmt":"2017-03-24T17:19:38","slug":"abertas-inscricoes-para-o-projeto-de-extensao-raciocinio-logico-chaves-da-mente","status":"publish","type":"post","link":"https:\/\/www.ifbaiano.edu.br\/unidades\/lapa\/2017\/03\/05\/abertas-inscricoes-para-o-projeto-de-extensao-raciocinio-logico-chaves-da-mente\/","title":{"rendered":"Abertas inscri\u00e7\u00f5es para o projeto de extens\u00e3o Racioc\u00ednio L\u00f3gico &#8220;Chaves da Mente&#8221;."},"content":{"rendered":"<h5><strong>Est\u00e3o abertas, no per\u00edodo de 06 a 17 de mar\u00e7o de 2017, as inscri\u00e7\u00f5es para o Projeto de Extens\u00e3o Racioc\u00ednio L\u00f3gico &#8220;Chaves da Mente&#8221;.<\/strong><\/h5>\n<p><!--more--><\/p>\n<p>As inscri\u00e7\u00f5es poder\u00e3o ser feitas acessando o link abaixo:<\/p>\n<p><a href=\"https:\/\/docs.google.com\/forms\/d\/e\/1FAIpQLSeepd-q-XdHroCwpSTCEwzQqGqQZXWQzFqruLk89OGGY8JUpw\/viewform\">FORMUL\u00c1RIO DE INSCRI\u00c7\u00c3O<\/a><\/p>\n<h4><span class=\"fontstyle0\">O projeto de Racioc\u00ednio L\u00f3gico e l\u00f3gica matem\u00e1tica objetiva qualifica\u00e7\u00e3o profissional dos professores que lecionam a disciplina de matem\u00e1tica na microrregi\u00e3o de Bom Jesus da Lapa. Sua carga hor\u00e1ria \u00e9 de 60 h e acontecer\u00e1 atrav\u00e9s de <\/span><span class=\"fontstyle2\">um encontro semanal de <strong>03 horas, na quarta-feira, no TURNO VESPERTINO<\/strong><\/span><span class=\"fontstyle0\">. O concluinte receber\u00e1 o certificado mediante rendimento igual ou superior a 70% e frequ\u00eancia m\u00ednima de 75%.<\/span><\/h4>\n<p><strong>P\u00daBLICO-ALVO: <\/strong><\/p>\n<h4><span class=\"fontstyle0\">Professores da rede p\u00fablica e privada de Bom Jesus da Lapa e microrregi\u00e3o, que lecionam, preferencialmente, as disciplinas de matem\u00e1tica, f\u00edsica e qu\u00edmica no Ensino M\u00e9dio ou Ensino Fundamental II<\/span>.<\/h4>\n<p><strong>CONTE\u00daDOS:<\/strong><\/p>\n<ul>\n<li>\n<h4><span class=\"fontstyle0\">Estruturas l\u00f3gicas, verdades e validade;<\/span><\/h4>\n<\/li>\n<li>\n<h4><span class=\"fontstyle0\">Conectivos l\u00f3gicos e tabela verdade;<\/span><\/h4>\n<\/li>\n<li>\n<h4><span class=\"fontstyle0\">Propriedades da conjun\u00e7\u00e3o, disjun\u00e7\u00e3o, condicional e bicondicional;<\/span><\/h4>\n<\/li>\n<li>\n<h4><span class=\"fontstyle0\">Proposi\u00e7\u00f5es categ\u00f3ricas com o uso dos diagramas l\u00f3gicos;<\/span><\/h4>\n<\/li>\n<li>\n<h4><span class=\"fontstyle0\">Compara\u00e7\u00e3o dos quantificadores nos argumentos;<\/span><\/h4>\n<\/li>\n<li>\n<h4><span class=\"fontstyle0\">Fra\u00e7\u00f5es e Regra de 3 simples e composta, com grandezas diretas e inversas;<\/span><\/h4>\n<\/li>\n<li>\n<h4>An\u00e1lise Combinat\u00f3ria.<\/h4>\n<\/li>\n<\/ul>\n<p><strong>DATA PREVISTA PARA IN\u00cdCIO DO CURSO<\/strong>: 22\/03\/2017.<\/p>\n<p>&nbsp;<\/p>\n<p><strong>Fonte<\/strong>: Prof. D\u00e1rio Soares \/ Coordenador do Projeto<\/p>\n<p>&nbsp;<\/p>\n<p>&nbsp;<\/p>\n","protected":false},"excerpt":{"rendered":"<p>Est\u00e3o abertas, no per\u00edodo de 06 a 17 de mar\u00e7o de 2017, as inscri\u00e7\u00f5es para o Projeto de Extens\u00e3o Racioc\u00ednio L\u00f3gico &#8220;Chaves da Mente&#8221;.<\/p>\n","protected":false},"author":36,"featured_media":0,"comment_status":"open","ping_status":"open","sticky":false,"template":"","format":"standard","meta":[],"categories":[24],"tags":[],"_links":{"self":[{"href":"https:\/\/www.ifbaiano.edu.br\/unidades\/lapa\/wp-json\/wp\/v2\/posts\/7326"}],"collection":[{"href":"https:\/\/www.ifbaiano.edu.br\/unidades\/lapa\/wp-json\/wp\/v2\/posts"}],"about":[{"href":"https:\/\/www.ifbaiano.edu.br\/unidades\/lapa\/wp-json\/wp\/v2\/types\/post"}],"author":[{"embeddable":true,"href":"https:\/\/www.ifbaiano.edu.br\/unidades\/lapa\/wp-json\/wp\/v2\/users\/36"}],"replies":[{"embeddable":true,"href":"https:\/\/www.ifbaiano.edu.br\/unidades\/lapa\/wp-json\/wp\/v2\/comments?post=7326"}],"version-history":[{"count":5,"href":"https:\/\/www.ifbaiano.edu.br\/unidades\/lapa\/wp-json\/wp\/v2\/posts\/7326\/revisions"}],"predecessor-version":[{"id":7331,"href":"https:\/\/www.ifbaiano.edu.br\/unidades\/lapa\/wp-json\/wp\/v2\/posts\/7326\/revisions\/7331"}],"wp:attachment":[{"href":"https:\/\/www.ifbaiano.edu.br\/unidades\/lapa\/wp-json\/wp\/v2\/media?parent=7326"}],"wp:term":[{"taxonomy":"category","embeddable":true,"href":"https:\/\/www.ifbaiano.edu.br\/unidades\/lapa\/wp-json\/wp\/v2\/categories?post=7326"},{"taxonomy":"post_tag","embeddable":true,"href":"https:\/\/www.ifbaiano.edu.br\/unidades\/lapa\/wp-json\/wp\/v2\/tags?post=7326"}],"curies":[{"name":"wp","href":"https:\/\/api.w.org\/{rel}","templated":true}]}}