{"id":7350,"date":"2017-03-16T18:05:34","date_gmt":"2017-03-16T20:05:34","guid":{"rendered":"http:\/\/www.ifbaiano.edu.br\/unidades\/lapa\/?p=7350"},"modified":"2017-03-24T15:20:51","modified_gmt":"2017-03-24T17:20:51","slug":"quinta-chamada-de-matriculas-cursos-integrados-e-subsequentes","status":"publish","type":"post","link":"https:\/\/www.ifbaiano.edu.br\/unidades\/lapa\/2017\/03\/16\/quinta-chamada-de-matriculas-cursos-integrados-e-subsequentes\/","title":{"rendered":"Quinta Chamada de Matr\u00edculas \u2013 Cursos Integrados e Subsequentes"},"content":{"rendered":"<p>A Dire\u00e7\u00e3o Acad\u00eamica do Campus Bom Jesus da Lapa torna p\u00fablica a<strong> 5\u00aa chamada de matr\u00edculas para os cursos Integrados e Subsequentes do Campus<\/strong>.<\/p>\n<p><a href=\"http:\/\/www.ifbaiano.edu.br\/unidades\/lapa\/files\/2017\/03\/quinta-chamada-lapa.pdf\" target=\"_blank\"><strong>ACESSEM AQUI A RELA\u00c7\u00c3O DE CONVOCADOS E A DOCUMENTA\u00c7\u00c3O DE MATR\u00cdCULA<\/strong><\/a><\/p>\n<p>As <strong>matr\u00edculas<\/strong> ser\u00e3o realizadas de<strong> 17 a 20 de mar\u00e7o de 2017<\/strong>.<\/p>\n<p><strong>Fonte:<\/strong> Diretoria Acad\u00eamica<\/p>\n<hr \/>\n","protected":false},"excerpt":{"rendered":"<p>A Dire\u00e7\u00e3o Acad\u00eamica do Campus Bom Jesus da Lapa torna p\u00fablica a 5\u00aa chamada de matr\u00edculas para os cursos Integrados e Subsequentes do Campus. ACESSEM AQUI A RELA\u00c7\u00c3O DE CONVOCADOS E A DOCUMENTA\u00c7\u00c3O DE MATR\u00cdCULA As matr\u00edculas ser\u00e3o realizadas de 17 a 20 de mar\u00e7o de 2017. Fonte: Diretoria Acad\u00eamica<\/p>\n","protected":false},"author":65,"featured_media":0,"comment_status":"open","ping_status":"open","sticky":false,"template":"","format":"standard","meta":[],"categories":[39,24],"tags":[],"_links":{"self":[{"href":"https:\/\/www.ifbaiano.edu.br\/unidades\/lapa\/wp-json\/wp\/v2\/posts\/7350"}],"collection":[{"href":"https:\/\/www.ifbaiano.edu.br\/unidades\/lapa\/wp-json\/wp\/v2\/posts"}],"about":[{"href":"https:\/\/www.ifbaiano.edu.br\/unidades\/lapa\/wp-json\/wp\/v2\/types\/post"}],"author":[{"embeddable":true,"href":"https:\/\/www.ifbaiano.edu.br\/unidades\/lapa\/wp-json\/wp\/v2\/users\/65"}],"replies":[{"embeddable":true,"href":"https:\/\/www.ifbaiano.edu.br\/unidades\/lapa\/wp-json\/wp\/v2\/comments?post=7350"}],"version-history":[{"count":1,"href":"https:\/\/www.ifbaiano.edu.br\/unidades\/lapa\/wp-json\/wp\/v2\/posts\/7350\/revisions"}],"predecessor-version":[{"id":7352,"href":"https:\/\/www.ifbaiano.edu.br\/unidades\/lapa\/wp-json\/wp\/v2\/posts\/7350\/revisions\/7352"}],"wp:attachment":[{"href":"https:\/\/www.ifbaiano.edu.br\/unidades\/lapa\/wp-json\/wp\/v2\/media?parent=7350"}],"wp:term":[{"taxonomy":"category","embeddable":true,"href":"https:\/\/www.ifbaiano.edu.br\/unidades\/lapa\/wp-json\/wp\/v2\/categories?post=7350"},{"taxonomy":"post_tag","embeddable":true,"href":"https:\/\/www.ifbaiano.edu.br\/unidades\/lapa\/wp-json\/wp\/v2\/tags?post=7350"}],"curies":[{"name":"wp","href":"https:\/\/api.w.org\/{rel}","templated":true}]}}