{"id":7360,"date":"2017-03-17T23:24:23","date_gmt":"2017-03-18T01:24:23","guid":{"rendered":"http:\/\/www.ifbaiano.edu.br\/unidades\/lapa\/?p=7360"},"modified":"2017-03-31T15:59:59","modified_gmt":"2017-03-31T17:59:59","slug":"inscricoes-para-participacao-do-coro-baiano-encanto","status":"publish","type":"post","link":"https:\/\/www.ifbaiano.edu.br\/unidades\/lapa\/2017\/03\/17\/inscricoes-para-participacao-do-coro-baiano-encanto\/","title":{"rendered":"Inscri\u00e7\u00f5es para participa\u00e7\u00e3o do Coro Baiano Encanto"},"content":{"rendered":"<p style=\"text-align: justify\">Est\u00e3o abertas inscri\u00e7\u00f5es para participa\u00e7\u00e3o do Coro Baiano Encanto. <!--more-->Os<strong> candidatos inscritos<\/strong> dever\u00e3o comparecer \u00e0 <strong>sala de videoconfer\u00eancia<\/strong> do campus nos dias <strong>28\/03 (das 14:00 \u00e0s 18:00)<\/strong> e <strong>29\/03 \u00a0(08:00 \u00e0s 12:00hs)<\/strong> onde \u00a0ser\u00e3o submetidos a um pequeno teste, que tem por objetivo aferir o tipo de voz (soprano, contralto, tenor ou baixo). <strong>N\u00e3o \u00e9 necess\u00e1rio possuir estudo de m\u00fasica<\/strong>. Poder\u00e3o participar da sele\u00e7\u00e3o: <strong>servidores, alunos, terceirizados e comunidade externa<\/strong>. As<strong> inscri\u00e7\u00f5es estar\u00e3o abertas de 17\/03 at\u00e9 \u00e0s 23h:59m do dia 26\/03\/2017<\/strong>. Os ensaios acontecer\u00e3o \u00e0s quintas (das 08:00hs \u00e0s 10:00hs) e sextas (das 14:00hs \u00e0s 16:00hs).<\/p>\n<p><a href=\"https:\/\/goo.gl\/forms\/TNHzELm59tN6oVch2\" target=\"_blank\"><strong>Realize sua inscri\u00e7\u00e3o aqui!<\/strong><\/a><span id=\"OBJ_PREFIX_DWT150_com_zimbra_url\" class=\"Object\"><span id=\"OBJ_PREFIX_DWT151_com_zimbra_url\" class=\"Object\"><span id=\"OBJ_PREFIX_DWT156_com_zimbra_url\" class=\"Object\"><\/span><\/span><\/span><\/p>\n<p><a href=\"https:\/\/goo.gl\/forms\/TNHzELm59tN6oVch2\" target=\"_blank\"><img decoding=\"async\" loading=\"lazy\" class=\"aligncenter size-full wp-image-7362\" src=\"http:\/\/www.ifbaiano.edu.br\/unidades\/lapa\/files\/2017\/03\/baiano_encanto_2017.png\" alt=\"baiano_encanto_2017\" width=\"447\" height=\"646\" \/><\/a><\/p>\n","protected":false},"excerpt":{"rendered":"<p>Est\u00e3o abertas inscri\u00e7\u00f5es para participa\u00e7\u00e3o do Coro Baiano Encanto.<\/p>\n","protected":false},"author":65,"featured_media":0,"comment_status":"open","ping_status":"open","sticky":false,"template":"","format":"standard","meta":[],"categories":[24],"tags":[],"_links":{"self":[{"href":"https:\/\/www.ifbaiano.edu.br\/unidades\/lapa\/wp-json\/wp\/v2\/posts\/7360"}],"collection":[{"href":"https:\/\/www.ifbaiano.edu.br\/unidades\/lapa\/wp-json\/wp\/v2\/posts"}],"about":[{"href":"https:\/\/www.ifbaiano.edu.br\/unidades\/lapa\/wp-json\/wp\/v2\/types\/post"}],"author":[{"embeddable":true,"href":"https:\/\/www.ifbaiano.edu.br\/unidades\/lapa\/wp-json\/wp\/v2\/users\/65"}],"replies":[{"embeddable":true,"href":"https:\/\/www.ifbaiano.edu.br\/unidades\/lapa\/wp-json\/wp\/v2\/comments?post=7360"}],"version-history":[{"count":7,"href":"https:\/\/www.ifbaiano.edu.br\/unidades\/lapa\/wp-json\/wp\/v2\/posts\/7360\/revisions"}],"predecessor-version":[{"id":7368,"href":"https:\/\/www.ifbaiano.edu.br\/unidades\/lapa\/wp-json\/wp\/v2\/posts\/7360\/revisions\/7368"}],"wp:attachment":[{"href":"https:\/\/www.ifbaiano.edu.br\/unidades\/lapa\/wp-json\/wp\/v2\/media?parent=7360"}],"wp:term":[{"taxonomy":"category","embeddable":true,"href":"https:\/\/www.ifbaiano.edu.br\/unidades\/lapa\/wp-json\/wp\/v2\/categories?post=7360"},{"taxonomy":"post_tag","embeddable":true,"href":"https:\/\/www.ifbaiano.edu.br\/unidades\/lapa\/wp-json\/wp\/v2\/tags?post=7360"}],"curies":[{"name":"wp","href":"https:\/\/api.w.org\/{rel}","templated":true}]}}