{"id":7374,"date":"2017-03-21T18:39:07","date_gmt":"2017-03-21T20:39:07","guid":{"rendered":"http:\/\/www.ifbaiano.edu.br\/unidades\/lapa\/?p=7374"},"modified":"2017-05-02T09:55:47","modified_gmt":"2017-05-02T12:55:47","slug":"relacao-de-selecionados-para-o-curso-de-raciocinio-logico-chaves-da-mente","status":"publish","type":"post","link":"https:\/\/www.ifbaiano.edu.br\/unidades\/lapa\/2017\/03\/21\/relacao-de-selecionados-para-o-curso-de-raciocinio-logico-chaves-da-mente\/","title":{"rendered":"RELA\u00c7\u00c3O DE SELECIONADOS PARA O CURSO DE RACIOC\u00cdNIO L\u00d3GICO &#8211; &#8220;CHAVES DA MENTE&#8221;"},"content":{"rendered":"<p>O IF Baiano &#8211; Campus Bom Jesus da Lapa torna p\u00fablico a <strong>rela\u00e7\u00e3o<\/strong> de cursistas <strong>selecionados<\/strong> para o <strong>Projeto de Extens\u00e3o Chaves da Mente<\/strong>.<\/p>\n<p>As atividades do projeto ter\u00e3o <strong>in\u00edcio<\/strong> no pr\u00f3ximo dia <strong>29 de mar\u00e7o de 2017 (quarta-feira)<\/strong>, na <strong>Universidade do Estado da Bahia, Campus XVII &#8211; Bom Jesus da Lapa<\/strong>, das <strong>13:30 \u00e0s 17:00<\/strong>. \u00c9 imprescind\u00edvel a presen\u00e7a de todos, considerando neste dia ser\u00e3o apresentados os conte\u00fados a serem trabalhados, a metodologia dos encontros e o cronograma do curso.<\/p>\n<p>O IF Baiano agradece sua participa\u00e7\u00e3o neste projeto de extens\u00e3o, cujo objetivo \u00e9 constituir-se num importante espa\u00e7o de forma\u00e7\u00e3o de professores no campo do racioc\u00ednio e da l\u00f3gica matem\u00e1tica.<\/p>\n<p><a href=\"http:\/\/www.ifbaiano.edu.br\/unidades\/lapa\/files\/2017\/03\/Lista-selecao-curso-raciocinio-logico.pdf\" target=\"_blank\">RELA\u00c7\u00c3O DE SELECIONADOS &#8211; ACESSEM AQUI!<\/a><\/p>\n<p><strong>Endere\u00e7o da UNEB\/Campus XVII: Avenida Agenor Magalh\u00e3es, s\/n &#8211; ao lado do Col\u00e9gio Estadual Monsenhor Tur\u00edbio Vila Nova.<\/strong><\/p>\n<p><strong>Fonte:<\/strong> Coordena\u00e7\u00e3o do Projeto &#8211; Prof. D\u00e1rio Soares da Silva (dario.silva@lapa.ifbaiano.edu.br)<\/p>\n<p><img decoding=\"async\" loading=\"lazy\" class=\"aligncenter wp-image-7373\" src=\"http:\/\/www.ifbaiano.edu.br\/unidades\/lapa\/files\/2017\/03\/slogam-curso-racioc-logico.jpg\" alt=\"slogam-curso-racioc-logico\" width=\"250\" height=\"250\" \/><\/p>\n","protected":false},"excerpt":{"rendered":"<p>O IF Baiano &#8211; Campus Bom Jesus da Lapa torna p\u00fablico a rela\u00e7\u00e3o de cursistas selecionados para o Projeto de Extens\u00e3o Chaves da Mente. As atividades do projeto ter\u00e3o in\u00edcio no pr\u00f3ximo dia 29 de mar\u00e7o de 2017 (quarta-feira), na Universidade do Estado da Bahia, Campus XVII &#8211; Bom Jesus da Lapa, das 13:30 \u00e0s [&hellip;]<\/p>\n","protected":false},"author":65,"featured_media":0,"comment_status":"open","ping_status":"open","sticky":false,"template":"","format":"standard","meta":[],"categories":[24],"tags":[],"_links":{"self":[{"href":"https:\/\/www.ifbaiano.edu.br\/unidades\/lapa\/wp-json\/wp\/v2\/posts\/7374"}],"collection":[{"href":"https:\/\/www.ifbaiano.edu.br\/unidades\/lapa\/wp-json\/wp\/v2\/posts"}],"about":[{"href":"https:\/\/www.ifbaiano.edu.br\/unidades\/lapa\/wp-json\/wp\/v2\/types\/post"}],"author":[{"embeddable":true,"href":"https:\/\/www.ifbaiano.edu.br\/unidades\/lapa\/wp-json\/wp\/v2\/users\/65"}],"replies":[{"embeddable":true,"href":"https:\/\/www.ifbaiano.edu.br\/unidades\/lapa\/wp-json\/wp\/v2\/comments?post=7374"}],"version-history":[{"count":5,"href":"https:\/\/www.ifbaiano.edu.br\/unidades\/lapa\/wp-json\/wp\/v2\/posts\/7374\/revisions"}],"predecessor-version":[{"id":7379,"href":"https:\/\/www.ifbaiano.edu.br\/unidades\/lapa\/wp-json\/wp\/v2\/posts\/7374\/revisions\/7379"}],"wp:attachment":[{"href":"https:\/\/www.ifbaiano.edu.br\/unidades\/lapa\/wp-json\/wp\/v2\/media?parent=7374"}],"wp:term":[{"taxonomy":"category","embeddable":true,"href":"https:\/\/www.ifbaiano.edu.br\/unidades\/lapa\/wp-json\/wp\/v2\/categories?post=7374"},{"taxonomy":"post_tag","embeddable":true,"href":"https:\/\/www.ifbaiano.edu.br\/unidades\/lapa\/wp-json\/wp\/v2\/tags?post=7374"}],"curies":[{"name":"wp","href":"https:\/\/api.w.org\/{rel}","templated":true}]}}