{"id":7408,"date":"2017-03-23T18:28:24","date_gmt":"2017-03-23T20:28:24","guid":{"rendered":"http:\/\/www.ifbaiano.edu.br\/unidades\/lapa\/?p=7408"},"modified":"2017-05-02T09:56:12","modified_gmt":"2017-05-02T12:56:12","slug":"publicado-edital-no-212017-para-selecao-de-assistencia-estudantil-do-campus-bom-jesus-da-lapa","status":"publish","type":"post","link":"https:\/\/www.ifbaiano.edu.br\/unidades\/lapa\/2017\/03\/23\/publicado-edital-no-212017-para-selecao-de-assistencia-estudantil-do-campus-bom-jesus-da-lapa\/","title":{"rendered":"Publicado Edital n\u00ba 21\/2017 para Sele\u00e7\u00e3o de Assist\u00eancia Estudantil do Campus Bom Jesus da Lapa"},"content":{"rendered":"<p style=\"text-align: justify\">O Diretor do Instituto Federal de Educa\u00e7\u00e3o, Ci\u00eancia e Tecnologia Baiano \u2013 IF Baiano, Campus Bom Jesus da Lapa, no uso de suas atribui\u00e7\u00f5es legais, torna p\u00fablico o presente Edital, <!--more-->que estabelece as normas e crit\u00e9rios para sele\u00e7\u00e3o de estudantes, com a finalidade da participa\u00e7\u00e3o na Pol\u00edtica de Assist\u00eancia Estudantil deste Instituto, atrav\u00e9s do Programa de Assist\u00eancia e Inclus\u00e3o Social do Estudante \u2013 PAISE.<\/p>\n<p style=\"text-align: justify\">As inscri\u00e7\u00f5es ocorrer\u00e3o no per\u00edodo de 29 de mar\u00e7o a 10 de abril de 2017 (no \u00faltimo dia, ser\u00e1 at\u00e9 \u00e0s 20:00h). Os alunos interessados devem procurar a Coordena\u00e7\u00e3o de Assuntos Estudantis para realizarem sua inscri\u00e7\u00e3o.<\/p>\n<p style=\"padding-left: 30px\"><a href=\"http:\/\/www.ifbaiano.edu.br\/unidades\/lapa\/files\/2017\/03\/PAISE-EDITAL-N%C2%BA-21-2017.pdf\" target=\"_blank\">ACESSE AQUI O EDITAL N\u00ba 21\/2017<\/a><\/p>\n<p style=\"padding-left: 30px\"><a href=\"http:\/\/www.ifbaiano.edu.br\/unidades\/lapa\/files\/2017\/03\/Errata-do-PAISE-Edital-n%C2%BA-21-2017.pdf\" target=\"_blank\">ERRATA N\u00ba 01 DO EDITAL N\u00ba 21\/2017<\/a><\/p>\n<p style=\"padding-left: 30px\"><a href=\"http:\/\/www.ifbaiano.edu.br\/unidades\/lapa\/paise\/\" target=\"_blank\">ACOMPANHE AQUI TODAS INFORMA\u00c7\u00d5ES DESSE PROCESSO SELETIVO<\/a><\/p>\n<p><strong>Fonte<\/strong>: Comiss\u00e3o do Processo Seletivo<\/p>\n<hr \/>\n","protected":false},"excerpt":{"rendered":"<p>O Diretor do Instituto Federal de Educa\u00e7\u00e3o, Ci\u00eancia e Tecnologia Baiano \u2013 IF Baiano, Campus Bom Jesus da Lapa, no uso de suas atribui\u00e7\u00f5es legais, torna p\u00fablico o presente Edital,<\/p>\n","protected":false},"author":65,"featured_media":0,"comment_status":"open","ping_status":"open","sticky":false,"template":"","format":"standard","meta":[],"categories":[32,24],"tags":[],"_links":{"self":[{"href":"https:\/\/www.ifbaiano.edu.br\/unidades\/lapa\/wp-json\/wp\/v2\/posts\/7408"}],"collection":[{"href":"https:\/\/www.ifbaiano.edu.br\/unidades\/lapa\/wp-json\/wp\/v2\/posts"}],"about":[{"href":"https:\/\/www.ifbaiano.edu.br\/unidades\/lapa\/wp-json\/wp\/v2\/types\/post"}],"author":[{"embeddable":true,"href":"https:\/\/www.ifbaiano.edu.br\/unidades\/lapa\/wp-json\/wp\/v2\/users\/65"}],"replies":[{"embeddable":true,"href":"https:\/\/www.ifbaiano.edu.br\/unidades\/lapa\/wp-json\/wp\/v2\/comments?post=7408"}],"version-history":[{"count":8,"href":"https:\/\/www.ifbaiano.edu.br\/unidades\/lapa\/wp-json\/wp\/v2\/posts\/7408\/revisions"}],"predecessor-version":[{"id":7429,"href":"https:\/\/www.ifbaiano.edu.br\/unidades\/lapa\/wp-json\/wp\/v2\/posts\/7408\/revisions\/7429"}],"wp:attachment":[{"href":"https:\/\/www.ifbaiano.edu.br\/unidades\/lapa\/wp-json\/wp\/v2\/media?parent=7408"}],"wp:term":[{"taxonomy":"category","embeddable":true,"href":"https:\/\/www.ifbaiano.edu.br\/unidades\/lapa\/wp-json\/wp\/v2\/categories?post=7408"},{"taxonomy":"post_tag","embeddable":true,"href":"https:\/\/www.ifbaiano.edu.br\/unidades\/lapa\/wp-json\/wp\/v2\/tags?post=7408"}],"curies":[{"name":"wp","href":"https:\/\/api.w.org\/{rel}","templated":true}]}}