{"id":7443,"date":"2017-03-29T14:50:29","date_gmt":"2017-03-29T16:50:29","guid":{"rendered":"http:\/\/www.ifbaiano.edu.br\/unidades\/lapa\/?p=7443"},"modified":"2017-05-02T09:57:28","modified_gmt":"2017-05-02T12:57:28","slug":"processo-seletivo-para-ingresso-de-estudantes-em-vagas-remanescentes-do-edital-642016","status":"publish","type":"post","link":"https:\/\/www.ifbaiano.edu.br\/unidades\/lapa\/2017\/03\/29\/processo-seletivo-para-ingresso-de-estudantes-em-vagas-remanescentes-do-edital-642016\/","title":{"rendered":"Processo seletivo para ingresso de estudantes em vagas remanescentes do Edital 64\/2016"},"content":{"rendered":"<p>O Diretor Geral do IF Baiano Campus Bom Jesus da Lapa torna p\u00fablica a abertura de sele\u00e7\u00e3o presencial para <strong>provimento de vagas remanescentes do Processo Seletivo regido pelo edital 64\/2016<\/strong>, <!--more-->por meio de<strong> manifesta\u00e7\u00e3o de interesse na vaga diretamente no Campus<\/strong>, nos cursos: <strong>CURSO T\u00c9CNICO EM AGRICULTURA (SUBSEQUENTE \/ VESPERTINO) 22 vagas, CURSO T\u00c9CNICO EM INFORM\u00c1TICA (SUBSEQUENTE \/ NOTURNO) 01 vaga<\/strong>.<\/p>\n<p><a href=\"http:\/\/www.ifbaiano.edu.br\/unidades\/lapa\/files\/2017\/03\/EDITAL-03-2017-Campus-Lapa-Vagas-remanescentes.pdf\" target=\"_blank\"><span id=\"OBJ_PREFIX_DWT747_com_zimbra_url\" class=\"Object\"><span id=\"OBJ_PREFIX_DWT749_com_zimbra_url\" class=\"Object\">ACESSEM AQUI O<\/span><\/span> EDITAL COMPLETO COM AS DEMAIS INFORMA\u00c7\u00d5ES<\/a><\/p>\n<p>A <strong>sele\u00e7\u00e3o<\/strong> ser\u00e1 realizada mediante <strong>manifesta\u00e7\u00e3o presencial de interesse na vaga diretamente no Campus<\/strong> e a <strong>classifica\u00e7\u00e3o e sele\u00e7\u00e3o dos candidatos dar-se-\u00e1 por meio de ordem de chegada no dia 03 de abril de 2017 (<span id=\"OBJ_PREFIX_DWT748_com_zimbra_date\" class=\"Object\"><span id=\"OBJ_PREFIX_DWT750_com_zimbra_date\" class=\"Object\">Segunda<\/span><\/span>-Feira)<\/strong>.<\/p>\n<p><strong>Fonte:<\/strong> Diretoria Acad\u00eamica<\/p>\n<hr \/>\n","protected":false},"excerpt":{"rendered":"<p>O Diretor Geral do IF Baiano Campus Bom Jesus da Lapa torna p\u00fablica a abertura de sele\u00e7\u00e3o presencial para provimento de vagas remanescentes do Processo Seletivo regido pelo edital 64\/2016,<\/p>\n","protected":false},"author":65,"featured_media":0,"comment_status":"open","ping_status":"open","sticky":false,"template":"","format":"standard","meta":[],"categories":[34,39],"tags":[],"_links":{"self":[{"href":"https:\/\/www.ifbaiano.edu.br\/unidades\/lapa\/wp-json\/wp\/v2\/posts\/7443"}],"collection":[{"href":"https:\/\/www.ifbaiano.edu.br\/unidades\/lapa\/wp-json\/wp\/v2\/posts"}],"about":[{"href":"https:\/\/www.ifbaiano.edu.br\/unidades\/lapa\/wp-json\/wp\/v2\/types\/post"}],"author":[{"embeddable":true,"href":"https:\/\/www.ifbaiano.edu.br\/unidades\/lapa\/wp-json\/wp\/v2\/users\/65"}],"replies":[{"embeddable":true,"href":"https:\/\/www.ifbaiano.edu.br\/unidades\/lapa\/wp-json\/wp\/v2\/comments?post=7443"}],"version-history":[{"count":5,"href":"https:\/\/www.ifbaiano.edu.br\/unidades\/lapa\/wp-json\/wp\/v2\/posts\/7443\/revisions"}],"predecessor-version":[{"id":7449,"href":"https:\/\/www.ifbaiano.edu.br\/unidades\/lapa\/wp-json\/wp\/v2\/posts\/7443\/revisions\/7449"}],"wp:attachment":[{"href":"https:\/\/www.ifbaiano.edu.br\/unidades\/lapa\/wp-json\/wp\/v2\/media?parent=7443"}],"wp:term":[{"taxonomy":"category","embeddable":true,"href":"https:\/\/www.ifbaiano.edu.br\/unidades\/lapa\/wp-json\/wp\/v2\/categories?post=7443"},{"taxonomy":"post_tag","embeddable":true,"href":"https:\/\/www.ifbaiano.edu.br\/unidades\/lapa\/wp-json\/wp\/v2\/tags?post=7443"}],"curies":[{"name":"wp","href":"https:\/\/api.w.org\/{rel}","templated":true}]}}