{"id":7451,"date":"2017-03-31T16:04:57","date_gmt":"2017-03-31T18:04:57","guid":{"rendered":"http:\/\/www.ifbaiano.edu.br\/unidades\/lapa\/?p=7451"},"modified":"2017-05-09T14:48:52","modified_gmt":"2017-05-09T17:48:52","slug":"campus-lapa-realizara-pregao-eletronico-na-modalidade-registro-de-preco-para-aquisicao-de-gas-liquefeito-de-petroleo-para-o-refeitorio-do-campus","status":"publish","type":"post","link":"https:\/\/www.ifbaiano.edu.br\/unidades\/lapa\/2017\/03\/31\/campus-lapa-realizara-pregao-eletronico-na-modalidade-registro-de-preco-para-aquisicao-de-gas-liquefeito-de-petroleo-para-o-refeitorio-do-campus\/","title":{"rendered":"Campus Lapa realizar\u00e1 Preg\u00e3o Eletr\u00f4nico na modalidade Registro de Pre\u00e7o  para Aquisi\u00e7\u00e3o de G\u00e1s Liquefeito de Petr\u00f3leo para o Refeit\u00f3rio do Campus"},"content":{"rendered":"<p lang=\"pt-PT\" style=\"text-align: justify\" align=\"left\"><span style=\"color: #000000\"><span style=\"font-size: medium\"><span lang=\"pt-PT\">O Instituto Federal Baiano \u2013 Campus Bom Jesus da Lapa torna p\u00fablico, para conhecimento dos interessados, que realizar\u00e1 <\/span><\/span><\/span><span style=\"color: #000000\"><span style=\"font-size: medium\"><span lang=\"pt-PT\"><b> Preg\u00e3o Eletr\u00f4nico<\/b><\/span><\/span><\/span><span style=\"color: #000000\"><span style=\"font-size: medium\"><span lang=\"pt-PT\"> na modalidade Registro de Pre\u00e7o:<\/span><\/span><\/span><\/p>\n<p lang=\"pt-PT\" style=\"text-align: justify\" align=\"left\"><span style=\"color: #000000\"><span style=\"font-size: medium\"><span lang=\"pt-PT\"><b>Objeto:<\/b><\/span><\/span><\/span><span style=\"color: #000000\"><span style=\"font-size: medium\"><span lang=\"pt-PT\"> Registro de pre\u00e7os para a aquisi\u00e7\u00e3o de g\u00e1s liquefeito de petr\u00f3leo &#8211; GLP para o refeit\u00f3rio do Instituto Federal de Educa\u00e7\u00e3o, Ci\u00eancia e <\/span><\/span><\/span><span style=\"color: #000000\"><span style=\"font-size: medium\"><span lang=\"pt-PT\">Tecnologia <\/span><\/span><\/span><span style=\"color: #000000\"><span style=\"font-size: medium\"><span lang=\"pt-PT\">Baiano \u2013 Campus Bom Jesus da Lapa. <\/span><\/span><\/span><\/p>\n<p lang=\"pt-PT\" style=\"text-align: justify\" align=\"left\"><span style=\"color: #000000\"><span style=\"font-size: medium\"><span lang=\"pt-PT\"><b>Sess\u00e3o de abertura:<\/b><\/span><\/span><\/span> <span style=\"color: #000000\"><span style=\"font-size: medium\"><span lang=\"pt-PT\">12\/04\/2017, \u00e0s 08:00-<\/span><\/span><\/span><span style=\"color: #000000\"><span style=\"font-size: medium\"><span lang=\"pt-PT\">hor\u00e1rio de Bras\u00edlia no site: <\/span><\/span><\/span><span style=\"color: #000080\"><span lang=\"zxx\"><a href=\"http:\/\/www.comprasgovernamentais.gov.br\/\" target=\"_blank\"><span style=\"color: #000000\"><span style=\"font-size: medium\"><span lang=\"pt-PT\">www.comprasgovernamentais.gov.br.<\/span><\/span><\/span><\/a><\/span><\/span><\/p>\n<p lang=\"pt-PT\"><span style=\"color: #000000\"><span style=\"font-family: Liberation Serif,Times New Roman,serif\"><span style=\"font-size: medium\"><span lang=\"pt-PT\">Para maiores informa\u00e7\u00f5es e esclarecimentos, entrar em contato atrav\u00e9s do email: <\/span><\/span><\/span><\/span><span style=\"color: #000080\"><span lang=\"zxx\"><span style=\"color: #000000\"><span style=\"font-family: Liberation Serif,Times New Roman,serif\"><span style=\"font-size: medium\"><span lang=\"pt-PT\">licitacao@<\/span><\/span><\/span><\/span><\/span><\/span><span style=\"color: #000000\"><span style=\"font-family: Liberation Serif,Times New Roman,serif\"><span style=\"font-size: medium\"><span lang=\"pt-PT\">lapa.<\/span><\/span><\/span><\/span><span style=\"color: #000080\"><span lang=\"zxx\"><span style=\"color: #000000\"><span style=\"font-family: Liberation Serif,Times New Roman,serif\"><span style=\"font-size: medium\"><span lang=\"pt-PT\">ifbaiano.edu.br.<\/span><\/span><\/span><\/span><\/span><\/span><\/p>\n<p lang=\"pt-PT\" style=\"text-align: justify\" align=\"left\"><span lang=\"pt-PT\"><b>Confira o edital abaixo:<br \/>\n<\/b><\/span><\/p>\n<p lang=\"pt-PT\" style=\"text-align: justify\" align=\"left\"><a href=\"http:\/\/www.ifbaiano.edu.br\/unidades\/lapa\/files\/2017\/03\/EDITAL-04-2017-pdf.pdf\" target=\"_blank\">EDITAL 04\/2017 e ANEXOS<\/a><\/p>\n<hr \/>\n","protected":false},"excerpt":{"rendered":"<p>O Instituto Federal Baiano \u2013 Campus Bom Jesus da Lapa torna p\u00fablico, para conhecimento dos interessados, que realizar\u00e1 Preg\u00e3o Eletr\u00f4nico na modalidade Registro de Pre\u00e7o: Objeto: Registro de pre\u00e7os para a aquisi\u00e7\u00e3o de g\u00e1s liquefeito de petr\u00f3leo &#8211; GLP para o refeit\u00f3rio do Instituto Federal de Educa\u00e7\u00e3o, Ci\u00eancia e Tecnologia Baiano \u2013 Campus Bom Jesus [&hellip;]<\/p>\n","protected":false},"author":65,"featured_media":0,"comment_status":"open","ping_status":"open","sticky":false,"template":"","format":"standard","meta":[],"categories":[24],"tags":[],"_links":{"self":[{"href":"https:\/\/www.ifbaiano.edu.br\/unidades\/lapa\/wp-json\/wp\/v2\/posts\/7451"}],"collection":[{"href":"https:\/\/www.ifbaiano.edu.br\/unidades\/lapa\/wp-json\/wp\/v2\/posts"}],"about":[{"href":"https:\/\/www.ifbaiano.edu.br\/unidades\/lapa\/wp-json\/wp\/v2\/types\/post"}],"author":[{"embeddable":true,"href":"https:\/\/www.ifbaiano.edu.br\/unidades\/lapa\/wp-json\/wp\/v2\/users\/65"}],"replies":[{"embeddable":true,"href":"https:\/\/www.ifbaiano.edu.br\/unidades\/lapa\/wp-json\/wp\/v2\/comments?post=7451"}],"version-history":[{"count":3,"href":"https:\/\/www.ifbaiano.edu.br\/unidades\/lapa\/wp-json\/wp\/v2\/posts\/7451\/revisions"}],"predecessor-version":[{"id":7454,"href":"https:\/\/www.ifbaiano.edu.br\/unidades\/lapa\/wp-json\/wp\/v2\/posts\/7451\/revisions\/7454"}],"wp:attachment":[{"href":"https:\/\/www.ifbaiano.edu.br\/unidades\/lapa\/wp-json\/wp\/v2\/media?parent=7451"}],"wp:term":[{"taxonomy":"category","embeddable":true,"href":"https:\/\/www.ifbaiano.edu.br\/unidades\/lapa\/wp-json\/wp\/v2\/categories?post=7451"},{"taxonomy":"post_tag","embeddable":true,"href":"https:\/\/www.ifbaiano.edu.br\/unidades\/lapa\/wp-json\/wp\/v2\/tags?post=7451"}],"curies":[{"name":"wp","href":"https:\/\/api.w.org\/{rel}","templated":true}]}}