{"id":749,"date":"2012-11-30T17:04:14","date_gmt":"2012-11-30T19:04:14","guid":{"rendered":"http:\/\/www.ifbaiano.edu.br\/unidades\/lapa\/?p=749"},"modified":"2012-11-30T17:05:05","modified_gmt":"2012-11-30T19:05:05","slug":"campus-bom-jesus-da-lapa-realizara-culto-ecumenico","status":"publish","type":"post","link":"https:\/\/www.ifbaiano.edu.br\/unidades\/lapa\/2012\/11\/30\/campus-bom-jesus-da-lapa-realizara-culto-ecumenico\/","title":{"rendered":"Campus Bom Jesus da Lapa realizar\u00e1 Culto Ecum\u00eanico"},"content":{"rendered":"<p>O culto ser\u00e1 realizado no pr\u00f3ximo dia 03\/12\/2012, no audit\u00f3rio da institui\u00e7\u00e3o, \u00e1s 10:00 horas.<\/p>\n<p><!--more--><\/p>\n<p>&nbsp;<\/p>\n<p>O culto ecum\u00eanico, que tem como principal objetivo a celebra\u00e7\u00e3o da vida, est\u00e1 aberto\u00a0\u00e0 participa\u00e7\u00e3o de toda a comunidade acad\u00eamica.<\/p>\n","protected":false},"excerpt":{"rendered":"<p>O culto ser\u00e1 realizado no pr\u00f3ximo dia 03\/12\/2012, no audit\u00f3rio da institui\u00e7\u00e3o, \u00e1s 10:00 horas.<\/p>\n","protected":false},"author":23,"featured_media":0,"comment_status":"open","ping_status":"open","sticky":false,"template":"","format":"standard","meta":[],"categories":[1],"tags":[],"_links":{"self":[{"href":"https:\/\/www.ifbaiano.edu.br\/unidades\/lapa\/wp-json\/wp\/v2\/posts\/749"}],"collection":[{"href":"https:\/\/www.ifbaiano.edu.br\/unidades\/lapa\/wp-json\/wp\/v2\/posts"}],"about":[{"href":"https:\/\/www.ifbaiano.edu.br\/unidades\/lapa\/wp-json\/wp\/v2\/types\/post"}],"author":[{"embeddable":true,"href":"https:\/\/www.ifbaiano.edu.br\/unidades\/lapa\/wp-json\/wp\/v2\/users\/23"}],"replies":[{"embeddable":true,"href":"https:\/\/www.ifbaiano.edu.br\/unidades\/lapa\/wp-json\/wp\/v2\/comments?post=749"}],"version-history":[{"count":3,"href":"https:\/\/www.ifbaiano.edu.br\/unidades\/lapa\/wp-json\/wp\/v2\/posts\/749\/revisions"}],"predecessor-version":[{"id":751,"href":"https:\/\/www.ifbaiano.edu.br\/unidades\/lapa\/wp-json\/wp\/v2\/posts\/749\/revisions\/751"}],"wp:attachment":[{"href":"https:\/\/www.ifbaiano.edu.br\/unidades\/lapa\/wp-json\/wp\/v2\/media?parent=749"}],"wp:term":[{"taxonomy":"category","embeddable":true,"href":"https:\/\/www.ifbaiano.edu.br\/unidades\/lapa\/wp-json\/wp\/v2\/categories?post=749"},{"taxonomy":"post_tag","embeddable":true,"href":"https:\/\/www.ifbaiano.edu.br\/unidades\/lapa\/wp-json\/wp\/v2\/tags?post=749"}],"curies":[{"name":"wp","href":"https:\/\/api.w.org\/{rel}","templated":true}]}}