{"id":754,"date":"2012-12-03T15:08:03","date_gmt":"2012-12-03T17:08:03","guid":{"rendered":"http:\/\/www.ifbaiano.edu.br\/unidades\/lapa\/?p=754"},"modified":"2012-12-03T15:11:58","modified_gmt":"2012-12-03T17:11:58","slug":"culto-ecumenico-no-campus-bom-jesus-da-lapa","status":"publish","type":"post","link":"https:\/\/www.ifbaiano.edu.br\/unidades\/lapa\/2012\/12\/03\/culto-ecumenico-no-campus-bom-jesus-da-lapa\/","title":{"rendered":"Culto Ecum\u00eanico no Campus Bom Jesus da Lapa"},"content":{"rendered":"<p>O evento foi realizado nesta manh\u00e3 do dia 03\/12\/12.<\/p>\n<p><!--more--><\/p>\n<p>Em atendimento ao sugerido pelo Gabinete da Reitoria, o Campus Bom Jesus da Lapa realizou, na manh\u00e3 desta segunda-feira, 03\/12\/2012, um culto ecum\u00eanico para celebra\u00e7\u00e3o da vida.<\/p>\n<p>O evento foi aberto pelo Diretor Geral Substituto, senhor Simi\u00e3o Pires Lima, e contou com a participa\u00e7\u00e3o do padre Roque Silva, Reitor do Santu\u00e1rio de Bom Jesus da Lapa e do pastor Edson Rodrigues de Freitas, representante da Igreja Metodista.<\/p>\n<p>Entre as falas dos representantes das entidades religiosas, houve um momento de louvor, com a participa\u00e7\u00e3o musical do aluno egresso Tobias Alves Oliveira.<\/p>\n<p>O momento ecum\u00eanico objetivou agradecer a Deus o dom da vida, renovar as esperan\u00e7as, confian\u00e7a, for\u00e7a e coragem para continuarmos os nossos trabalhos e a nossa vida em fam\u00edlia. Objetivou, ainda, relembrar os saudosos colegas do IF Baiano, falecidos em 2012.<\/p>\n<p><a href=\"http:\/\/www.ifbaiano.edu.br\/unidades\/lapa\/files\/2012\/12\/P\u00fablico.jpg\"><img decoding=\"async\" loading=\"lazy\" class=\"aligncenter size-medium wp-image-755\" src=\"http:\/\/www.ifbaiano.edu.br\/unidades\/lapa\/files\/2012\/12\/P\u00fablico-300x199.jpg\" alt=\"\" width=\"300\" height=\"199\" srcset=\"https:\/\/www.ifbaiano.edu.br\/unidades\/lapa\/files\/2012\/12\/P\u00fablico-300x199.jpg 300w, https:\/\/www.ifbaiano.edu.br\/unidades\/lapa\/files\/2012\/12\/P\u00fablico-400x265.jpg 400w, https:\/\/www.ifbaiano.edu.br\/unidades\/lapa\/files\/2012\/12\/P\u00fablico.jpg 900w\" sizes=\"(max-width: 300px) 100vw, 300px\" \/><\/a><\/p>\n","protected":false},"excerpt":{"rendered":"<p>O evento foi realizado nesta manh\u00e3 do dia 03\/12\/12.<\/p>\n","protected":false},"author":23,"featured_media":0,"comment_status":"open","ping_status":"open","sticky":false,"template":"","format":"standard","meta":[],"categories":[24],"tags":[],"_links":{"self":[{"href":"https:\/\/www.ifbaiano.edu.br\/unidades\/lapa\/wp-json\/wp\/v2\/posts\/754"}],"collection":[{"href":"https:\/\/www.ifbaiano.edu.br\/unidades\/lapa\/wp-json\/wp\/v2\/posts"}],"about":[{"href":"https:\/\/www.ifbaiano.edu.br\/unidades\/lapa\/wp-json\/wp\/v2\/types\/post"}],"author":[{"embeddable":true,"href":"https:\/\/www.ifbaiano.edu.br\/unidades\/lapa\/wp-json\/wp\/v2\/users\/23"}],"replies":[{"embeddable":true,"href":"https:\/\/www.ifbaiano.edu.br\/unidades\/lapa\/wp-json\/wp\/v2\/comments?post=754"}],"version-history":[{"count":3,"href":"https:\/\/www.ifbaiano.edu.br\/unidades\/lapa\/wp-json\/wp\/v2\/posts\/754\/revisions"}],"predecessor-version":[{"id":757,"href":"https:\/\/www.ifbaiano.edu.br\/unidades\/lapa\/wp-json\/wp\/v2\/posts\/754\/revisions\/757"}],"wp:attachment":[{"href":"https:\/\/www.ifbaiano.edu.br\/unidades\/lapa\/wp-json\/wp\/v2\/media?parent=754"}],"wp:term":[{"taxonomy":"category","embeddable":true,"href":"https:\/\/www.ifbaiano.edu.br\/unidades\/lapa\/wp-json\/wp\/v2\/categories?post=754"},{"taxonomy":"post_tag","embeddable":true,"href":"https:\/\/www.ifbaiano.edu.br\/unidades\/lapa\/wp-json\/wp\/v2\/tags?post=754"}],"curies":[{"name":"wp","href":"https:\/\/api.w.org\/{rel}","templated":true}]}}