{"id":7558,"date":"2017-04-27T15:30:58","date_gmt":"2017-04-27T18:30:58","guid":{"rendered":"http:\/\/www.ifbaiano.edu.br\/unidades\/lapa\/?p=7558"},"modified":"2017-04-27T15:30:58","modified_gmt":"2017-04-27T18:30:58","slug":"parecer-sobre-requerimentos-discentes-publicacao-no-072017","status":"publish","type":"post","link":"https:\/\/www.ifbaiano.edu.br\/unidades\/lapa\/2017\/04\/27\/parecer-sobre-requerimentos-discentes-publicacao-no-072017\/","title":{"rendered":"PARECER SOBRE REQUERIMENTOS DISCENTES PUBLICA\u00c7\u00c3O N\u00ba 07\/2017"},"content":{"rendered":"<p>O Diretor Acad\u00eamico do IF Baiano &#8211; Campus Bom Jesus da Lapa, no uso de suas atribui\u00e7\u00f5es, torna p\u00fablico o Parecer dos requerimentos entregues \u00e0 Secretaria de Registros Acad\u00eamicos:<\/p>\n<p>Acesse aqui:\u00a0<a href=\"http:\/\/www.ifbaiano.edu.br\/unidades\/lapa\/files\/2017\/04\/PARECER-07-de-27-de-abril-de-2017.pdf\">PARECER 07 de 27 de abril de 2017<\/a><\/p>\n","protected":false},"excerpt":{"rendered":"<p>O Diretor Acad\u00eamico do IF Baiano &#8211; Campus Bom Jesus da Lapa, no uso de suas atribui\u00e7\u00f5es, torna p\u00fablico o Parecer dos requerimentos entregues \u00e0 Secretaria de Registros Acad\u00eamicos: Acesse aqui:\u00a0PARECER 07 de 27 de abril de 2017<\/p>\n","protected":false},"author":58,"featured_media":0,"comment_status":"open","ping_status":"open","sticky":false,"template":"","format":"standard","meta":[],"categories":[1],"tags":[],"_links":{"self":[{"href":"https:\/\/www.ifbaiano.edu.br\/unidades\/lapa\/wp-json\/wp\/v2\/posts\/7558"}],"collection":[{"href":"https:\/\/www.ifbaiano.edu.br\/unidades\/lapa\/wp-json\/wp\/v2\/posts"}],"about":[{"href":"https:\/\/www.ifbaiano.edu.br\/unidades\/lapa\/wp-json\/wp\/v2\/types\/post"}],"author":[{"embeddable":true,"href":"https:\/\/www.ifbaiano.edu.br\/unidades\/lapa\/wp-json\/wp\/v2\/users\/58"}],"replies":[{"embeddable":true,"href":"https:\/\/www.ifbaiano.edu.br\/unidades\/lapa\/wp-json\/wp\/v2\/comments?post=7558"}],"version-history":[{"count":1,"href":"https:\/\/www.ifbaiano.edu.br\/unidades\/lapa\/wp-json\/wp\/v2\/posts\/7558\/revisions"}],"predecessor-version":[{"id":7560,"href":"https:\/\/www.ifbaiano.edu.br\/unidades\/lapa\/wp-json\/wp\/v2\/posts\/7558\/revisions\/7560"}],"wp:attachment":[{"href":"https:\/\/www.ifbaiano.edu.br\/unidades\/lapa\/wp-json\/wp\/v2\/media?parent=7558"}],"wp:term":[{"taxonomy":"category","embeddable":true,"href":"https:\/\/www.ifbaiano.edu.br\/unidades\/lapa\/wp-json\/wp\/v2\/categories?post=7558"},{"taxonomy":"post_tag","embeddable":true,"href":"https:\/\/www.ifbaiano.edu.br\/unidades\/lapa\/wp-json\/wp\/v2\/tags?post=7558"}],"curies":[{"name":"wp","href":"https:\/\/api.w.org\/{rel}","templated":true}]}}