{"id":7562,"date":"2017-05-02T09:52:50","date_gmt":"2017-05-02T12:52:50","guid":{"rendered":"http:\/\/www.ifbaiano.edu.br\/unidades\/lapa\/?p=7562"},"modified":"2017-05-09T16:13:42","modified_gmt":"2017-05-09T19:13:42","slug":"campus-lapa-divulga-retificacao-ao-edital-de-monitoria-de-ensino-2017-1","status":"publish","type":"post","link":"https:\/\/www.ifbaiano.edu.br\/unidades\/lapa\/2017\/05\/02\/campus-lapa-divulga-retificacao-ao-edital-de-monitoria-de-ensino-2017-1\/","title":{"rendered":"Campus Lapa divulga RETIFICA\u00c7\u00c3O ao Edital de Monitoria de Ensino 2017.1"},"content":{"rendered":"<p>A Diretoria Acad\u00eamica, por meio da Comiss\u00e3o de Sele\u00e7\u00e3o, torna p\u00fablica a retifica\u00e7\u00e3o do Cronograma referente ao Edital n\u00ba 04 de 25 de abril de 2017.<\/p>\n<p><strong>As inscri\u00e7\u00f5es foram prorrogadas at\u00e9 o dia 03 de maio de 2017.<\/strong><\/p>\n<p>Para maiores esclarecimentos, os interessados dever\u00e3o acessar a refitica\u00e7\u00e3o dispon\u00edvel no seguinte link:<\/p>\n<p><a href=\"http:\/\/www.ifbaiano.edu.br\/unidades\/lapa\/files\/2017\/05\/Retifica\u00e7\u00e3o-Cronograma-ao-Edital-4-de-25.04.17.pdf\" target=\"_blank\">RETIFICA\u00c7\u00c3O AO EDITAL DE MONITORIA 2017.1<\/a><\/p>\n<p><strong>Fonte<\/strong>: Comiss\u00e3o de Sele\u00e7\u00e3o do Programa de Monitoria de Ensino<\/p>\n<p>&nbsp;<\/p>\n","protected":false},"excerpt":{"rendered":"<p>A Diretoria Acad\u00eamica, por meio da Comiss\u00e3o de Sele\u00e7\u00e3o, torna p\u00fablica a retifica\u00e7\u00e3o do Cronograma referente ao Edital n\u00ba 04 de 25 de abril de 2017. As inscri\u00e7\u00f5es foram prorrogadas at\u00e9 o dia 03 de maio de 2017. Para maiores esclarecimentos, os interessados dever\u00e3o acessar a refitica\u00e7\u00e3o dispon\u00edvel no seguinte link: RETIFICA\u00c7\u00c3O AO EDITAL DE [&hellip;]<\/p>\n","protected":false},"author":65,"featured_media":0,"comment_status":"open","ping_status":"open","sticky":false,"template":"","format":"standard","meta":[],"categories":[24],"tags":[],"_links":{"self":[{"href":"https:\/\/www.ifbaiano.edu.br\/unidades\/lapa\/wp-json\/wp\/v2\/posts\/7562"}],"collection":[{"href":"https:\/\/www.ifbaiano.edu.br\/unidades\/lapa\/wp-json\/wp\/v2\/posts"}],"about":[{"href":"https:\/\/www.ifbaiano.edu.br\/unidades\/lapa\/wp-json\/wp\/v2\/types\/post"}],"author":[{"embeddable":true,"href":"https:\/\/www.ifbaiano.edu.br\/unidades\/lapa\/wp-json\/wp\/v2\/users\/65"}],"replies":[{"embeddable":true,"href":"https:\/\/www.ifbaiano.edu.br\/unidades\/lapa\/wp-json\/wp\/v2\/comments?post=7562"}],"version-history":[{"count":2,"href":"https:\/\/www.ifbaiano.edu.br\/unidades\/lapa\/wp-json\/wp\/v2\/posts\/7562\/revisions"}],"predecessor-version":[{"id":7566,"href":"https:\/\/www.ifbaiano.edu.br\/unidades\/lapa\/wp-json\/wp\/v2\/posts\/7562\/revisions\/7566"}],"wp:attachment":[{"href":"https:\/\/www.ifbaiano.edu.br\/unidades\/lapa\/wp-json\/wp\/v2\/media?parent=7562"}],"wp:term":[{"taxonomy":"category","embeddable":true,"href":"https:\/\/www.ifbaiano.edu.br\/unidades\/lapa\/wp-json\/wp\/v2\/categories?post=7562"},{"taxonomy":"post_tag","embeddable":true,"href":"https:\/\/www.ifbaiano.edu.br\/unidades\/lapa\/wp-json\/wp\/v2\/tags?post=7562"}],"curies":[{"name":"wp","href":"https:\/\/api.w.org\/{rel}","templated":true}]}}