{"id":76,"date":"2011-05-09T18:07:33","date_gmt":"2011-05-09T21:07:33","guid":{"rendered":"http:\/\/localhost\/unidades\/bonfim\/?p=10"},"modified":"2011-05-09T18:07:33","modified_gmt":"2011-05-09T21:07:33","slug":"conif-debate-a-expansao-da-rede-federal","status":"publish","type":"post","link":"https:\/\/www.ifbaiano.edu.br\/unidades\/lapa\/2011\/05\/09\/conif-debate-a-expansao-da-rede-federal\/","title":{"rendered":"Conif debate a expans\u00e3o da Rede Federal"},"content":{"rendered":"<p>No \u00faltimo dia da 16\u00aa Reuni\u00e3o do Conif, 06\/05, os reitores discutiram sobre a expans\u00e3o da Rede Federal. Os conselheiros abordaram sobre a necessidade de redimensionar a Rede Federal, n\u00e3o apenas em quantidade de\u00a0<em>campi<\/em> e localiza\u00e7\u00e3o, mas tamb\u00e9m quanto \u00e0 quantidade de fun\u00e7\u00f5es em cada instituto e quantitativo de servidores.<\/p>\n<p style=\"text-align: center\">&nbsp;<\/p>\n<div style=\"width: 324px\" class=\"wp-caption aligncenter\"><a href=\"http:\/\/www.ifbaiano.edu.br\/portal\/wp-content\/uploads\/2011\/05\/DSC_03571.JPG\"><img decoding=\"async\" loading=\"lazy\" src=\"http:\/\/www.ifbaiano.edu.br\/portal\/wp-content\/uploads\/2011\/05\/DSC_03571.JPG\" alt=\"DSC_0357\" width=\"314\" height=\"210\" \/><\/a><p class=\"wp-caption-text\">A 16\u00aa Reuni\u00e3o Ordin\u00e1ria do Conselho Nacional das Institui\u00e7\u00f5es da Rede Federal de Educa\u00e7\u00e3o Profissional e Tecnol\u00f3gica (CONIF) <\/p><\/div>\n<p style=\"text-align: left\">Para tanto, o conselho vai lan\u00e7ar uma proposta para o Minist\u00e9rio da Educa\u00e7\u00e3o, com o objetivo de incrementar a 3\u00aa fase do plano de expans\u00e3o da Rede Federal. A terceira fase ser\u00e1 impulsionada tamb\u00e9m pelo novo programa do governo federal, o Programa Nacional de Acesso ao Ensino T\u00e9cnico (Pronatec), que consiste em expandir, interiorizar e democratizar a oferta de cursos t\u00e9cnicos e profissionais de n\u00edvel m\u00e9dio, al\u00e9m de cursos de forma\u00e7\u00e3o inicial e continuada para trabalhadores.<\/p>\n<p style=\"text-align: left\">Para apresentar a proposta, foi agendada uma reuni\u00e3o extraordin\u00e1ria do Conselho nos dias 24, 25 e 26 de maio, em Bras\u00edlia, que dever\u00e1 contar com a presen\u00e7a de representantes da Secretaria de Educa\u00e7\u00e3o Profissional e Tecnol\u00f3gica (SETEC) para discuss\u00e3o conjunta. Outra delibera\u00e7\u00e3o da 16\u00aa Reuni\u00e3o foi a constru\u00e7\u00e3o e o envio de um documento para o MEC, abordando a regulamenta\u00e7\u00e3o da lei 11.784\/2008, que trata sobre da progress\u00e3o docente por titula\u00e7\u00e3o.<\/p>\n<div style=\"width: 310px\" class=\"wp-caption aligncenter\"><a href=\"http:\/\/www.ifbaiano.edu.br\/portal\/wp-content\/uploads\/2011\/05\/DSC_0337.JPG\"><img decoding=\"async\" loading=\"lazy\" src=\"http:\/\/www.ifbaiano.edu.br\/portal\/wp-content\/uploads\/2011\/05\/DSC_0337-300x200.jpg\" alt=\"DSC_0337\" width=\"300\" height=\"200\" \/><\/a><p class=\"wp-caption-text\">A 16\u00aa Reuni\u00e3o Ordin\u00e1ria do Conselho Nacional das Institui\u00e7\u00f5es da Rede Federal de Educa\u00e7\u00e3o Profissional e Tecnol\u00f3gica (CONIF) <\/p><\/div>\n<p style=\"text-align: center\"><strong> <\/strong><\/p>\n<p style=\"text-align: left\"><strong>16\u00aa Reuni\u00e3o &#8211;<\/strong> A 16\u00aa Reuni\u00e3o Ordin\u00e1ria do Conselho Nacional das Institui\u00e7\u00f5es da Rede Federal de Educa\u00e7\u00e3o Profissional e Tecnol\u00f3gica (CONIF) come\u00e7ou na \u00faltima quarta-feira, 04\/04, em Salvador.<\/p>\n<p>Durante os tr\u00eas dias do encontro, os conselheiros dialogaram com o Sindicato Nacional dos Servidores Federais da Educa\u00e7\u00e3o B\u00e1sica, Profissional e Tecnol\u00f3gica (SINASEFE); discutiram Educa\u00e7\u00e3o \u00e0 Dist\u00e2ncia, especificamente sobre o modelo a ser adotado pela Rede Federal e tamb\u00e9m estudaram a proposta apresentada pelo \u00a0Secret\u00e1rio de Pol\u00edticas de Ci\u00eancia e Tecnologia para Inclus\u00e3o Social, Marco Antonio de Oliveira, que prev\u00ea a reestrutura\u00e7\u00e3o dos Centros Vocacionais Tecnol\u00f3gicos, vinculados ao Minist\u00e9rio da Ci\u00eancia e Tecnologia.<\/p>\n<p>&nbsp;<\/p>\n","protected":false},"excerpt":{"rendered":"<p>No \u00faltimo dia da 16\u00aa Reuni\u00e3o do Conif, 06\/05, os reitores discutiram sobre a expans\u00e3o da Rede Federal. Os conselheiros abordaram sobre a necessidade de redimensionar a Rede Federal, n\u00e3o apenas em quantidade de\u00a0campi e localiza\u00e7\u00e3o, mas tamb\u00e9m quanto \u00e0 quantidade de fun\u00e7\u00f5es em cada instituto e quantitativo de servidores. &nbsp; Para tanto, o conselho [&hellip;]<\/p>\n","protected":false},"author":1,"featured_media":0,"comment_status":"open","ping_status":"open","sticky":false,"template":"","format":"standard","meta":[],"categories":[1],"tags":[],"_links":{"self":[{"href":"https:\/\/www.ifbaiano.edu.br\/unidades\/lapa\/wp-json\/wp\/v2\/posts\/76"}],"collection":[{"href":"https:\/\/www.ifbaiano.edu.br\/unidades\/lapa\/wp-json\/wp\/v2\/posts"}],"about":[{"href":"https:\/\/www.ifbaiano.edu.br\/unidades\/lapa\/wp-json\/wp\/v2\/types\/post"}],"author":[{"embeddable":true,"href":"https:\/\/www.ifbaiano.edu.br\/unidades\/lapa\/wp-json\/wp\/v2\/users\/1"}],"replies":[{"embeddable":true,"href":"https:\/\/www.ifbaiano.edu.br\/unidades\/lapa\/wp-json\/wp\/v2\/comments?post=76"}],"version-history":[{"count":0,"href":"https:\/\/www.ifbaiano.edu.br\/unidades\/lapa\/wp-json\/wp\/v2\/posts\/76\/revisions"}],"wp:attachment":[{"href":"https:\/\/www.ifbaiano.edu.br\/unidades\/lapa\/wp-json\/wp\/v2\/media?parent=76"}],"wp:term":[{"taxonomy":"category","embeddable":true,"href":"https:\/\/www.ifbaiano.edu.br\/unidades\/lapa\/wp-json\/wp\/v2\/categories?post=76"},{"taxonomy":"post_tag","embeddable":true,"href":"https:\/\/www.ifbaiano.edu.br\/unidades\/lapa\/wp-json\/wp\/v2\/tags?post=76"}],"curies":[{"name":"wp","href":"https:\/\/api.w.org\/{rel}","templated":true}]}}