{"id":7611,"date":"2017-05-09T09:23:33","date_gmt":"2017-05-09T12:23:33","guid":{"rendered":"http:\/\/www.ifbaiano.edu.br\/unidades\/lapa\/?p=7611"},"modified":"2017-05-15T16:06:31","modified_gmt":"2017-05-15T19:06:31","slug":"rematriculas-2017-1-engenharia-agronomica","status":"publish","type":"post","link":"https:\/\/www.ifbaiano.edu.br\/unidades\/lapa\/2017\/05\/09\/rematriculas-2017-1-engenharia-agronomica\/","title":{"rendered":"Rematr\u00edculas 2017.1 &#8211; Engenharia Agron\u00f4mica"},"content":{"rendered":"<p><strong>10 a <span id=\"OBJ_PREFIX_DWT106_com_zimbra_date\" class=\"Object\">12\/05\/17<\/span><\/strong> \u2013 Rematr\u00edculas e solicita\u00e7\u00f5es de aproveitamento de estudos &#8211; 2017.1<\/p>\n<p><strong>15\/05\/17<\/strong> &#8211; In\u00edcio das aulas 2017.1<\/p>\n<p><strong>16 e 17\/05\/17<\/strong> \u2013 Matr\u00edculas candidatos vagas remanescentes \u2013 4\u00ba semestre \u2013 2017.1<\/p>\n<p><strong>15 a 17\/05\/17<\/strong> \u2013 Solicita\u00e7\u00f5es de trancamento de matr\u00edcula, reintegra\u00e7\u00e3o ao curso &#8211; 2017.1<\/p>\n<p><strong>Fonte:<\/strong> Secretaria de Registros Acad\u00eamicos<\/p>\n<hr \/>\n<p>&nbsp;<\/p>\n","protected":false},"excerpt":{"rendered":"<p>10 a 12\/05\/17 \u2013 Rematr\u00edculas e solicita\u00e7\u00f5es de aproveitamento de estudos &#8211; 2017.1 15\/05\/17 &#8211; In\u00edcio das aulas 2017.1 16 e 17\/05\/17 \u2013 Matr\u00edculas candidatos vagas remanescentes \u2013 4\u00ba semestre \u2013 2017.1 15 a 17\/05\/17 \u2013 Solicita\u00e7\u00f5es de trancamento de matr\u00edcula, reintegra\u00e7\u00e3o ao curso &#8211; 2017.1 Fonte: Secretaria de Registros Acad\u00eamicos &nbsp;<\/p>\n","protected":false},"author":65,"featured_media":0,"comment_status":"open","ping_status":"open","sticky":false,"template":"","format":"standard","meta":[],"categories":[39,24],"tags":[],"_links":{"self":[{"href":"https:\/\/www.ifbaiano.edu.br\/unidades\/lapa\/wp-json\/wp\/v2\/posts\/7611"}],"collection":[{"href":"https:\/\/www.ifbaiano.edu.br\/unidades\/lapa\/wp-json\/wp\/v2\/posts"}],"about":[{"href":"https:\/\/www.ifbaiano.edu.br\/unidades\/lapa\/wp-json\/wp\/v2\/types\/post"}],"author":[{"embeddable":true,"href":"https:\/\/www.ifbaiano.edu.br\/unidades\/lapa\/wp-json\/wp\/v2\/users\/65"}],"replies":[{"embeddable":true,"href":"https:\/\/www.ifbaiano.edu.br\/unidades\/lapa\/wp-json\/wp\/v2\/comments?post=7611"}],"version-history":[{"count":2,"href":"https:\/\/www.ifbaiano.edu.br\/unidades\/lapa\/wp-json\/wp\/v2\/posts\/7611\/revisions"}],"predecessor-version":[{"id":7613,"href":"https:\/\/www.ifbaiano.edu.br\/unidades\/lapa\/wp-json\/wp\/v2\/posts\/7611\/revisions\/7613"}],"wp:attachment":[{"href":"https:\/\/www.ifbaiano.edu.br\/unidades\/lapa\/wp-json\/wp\/v2\/media?parent=7611"}],"wp:term":[{"taxonomy":"category","embeddable":true,"href":"https:\/\/www.ifbaiano.edu.br\/unidades\/lapa\/wp-json\/wp\/v2\/categories?post=7611"},{"taxonomy":"post_tag","embeddable":true,"href":"https:\/\/www.ifbaiano.edu.br\/unidades\/lapa\/wp-json\/wp\/v2\/tags?post=7611"}],"curies":[{"name":"wp","href":"https:\/\/api.w.org\/{rel}","templated":true}]}}