{"id":7614,"date":"2017-05-09T09:22:00","date_gmt":"2017-05-09T12:22:00","guid":{"rendered":"http:\/\/www.ifbaiano.edu.br\/unidades\/lapa\/?p=7614"},"modified":"2017-06-19T22:17:15","modified_gmt":"2017-06-20T01:17:15","slug":"rematriculas-2017-1-agricultura-subsequente-e-informatica-subsequente","status":"publish","type":"post","link":"https:\/\/www.ifbaiano.edu.br\/unidades\/lapa\/2017\/05\/09\/rematriculas-2017-1-agricultura-subsequente-e-informatica-subsequente\/","title":{"rendered":"Rematr\u00edculas 2017.1 &#8211; Agricultura Subsequente e Inform\u00e1tica Subsequente"},"content":{"rendered":"<p><strong><span id=\"OBJ_PREFIX_DWT107_com_zimbra_date\" class=\"Object\">12\/05\/17<\/span><\/strong> &#8211; Encerramento do per\u00edodo 2016.2<\/p>\n<p><strong>15 a 17\/05\/17<\/strong> &#8211; Recupera\u00e7\u00f5es finais<\/p>\n<p><strong>23\/05\/17<\/strong> \u2013 Conselho de Classe Final<\/p>\n<p><strong>24 a 26\/05\/17<\/strong> &#8211; Rematr\u00edculas 2017.1 &#8211; T\u00e9c. em Agricultura Subsequente e T\u00e9c. em Inform\u00e1tica Subsequente<\/p>\n<p><strong>24 a 30\/05\/17<\/strong> \u2013 Solicita\u00e7\u00f5es de trancamento de matr\u00edcula e reintegra\u00e7\u00e3o ao curso \u2013 2017.1<\/p>\n<p><strong>Fonte:<\/strong> Secretaria de Registros Acad\u00eamicos<\/p>\n<hr \/>\n<p>&nbsp;<\/p>\n","protected":false},"excerpt":{"rendered":"<p>12\/05\/17 &#8211; Encerramento do per\u00edodo 2016.2 15 a 17\/05\/17 &#8211; Recupera\u00e7\u00f5es finais 23\/05\/17 \u2013 Conselho de Classe Final 24 a 26\/05\/17 &#8211; Rematr\u00edculas 2017.1 &#8211; T\u00e9c. em Agricultura Subsequente e T\u00e9c. em Inform\u00e1tica Subsequente 24 a 30\/05\/17 \u2013 Solicita\u00e7\u00f5es de trancamento de matr\u00edcula e reintegra\u00e7\u00e3o ao curso \u2013 2017.1 Fonte: Secretaria de Registros Acad\u00eamicos &nbsp;<\/p>\n","protected":false},"author":65,"featured_media":0,"comment_status":"open","ping_status":"open","sticky":false,"template":"","format":"standard","meta":[],"categories":[39,24],"tags":[],"_links":{"self":[{"href":"https:\/\/www.ifbaiano.edu.br\/unidades\/lapa\/wp-json\/wp\/v2\/posts\/7614"}],"collection":[{"href":"https:\/\/www.ifbaiano.edu.br\/unidades\/lapa\/wp-json\/wp\/v2\/posts"}],"about":[{"href":"https:\/\/www.ifbaiano.edu.br\/unidades\/lapa\/wp-json\/wp\/v2\/types\/post"}],"author":[{"embeddable":true,"href":"https:\/\/www.ifbaiano.edu.br\/unidades\/lapa\/wp-json\/wp\/v2\/users\/65"}],"replies":[{"embeddable":true,"href":"https:\/\/www.ifbaiano.edu.br\/unidades\/lapa\/wp-json\/wp\/v2\/comments?post=7614"}],"version-history":[{"count":1,"href":"https:\/\/www.ifbaiano.edu.br\/unidades\/lapa\/wp-json\/wp\/v2\/posts\/7614\/revisions"}],"predecessor-version":[{"id":7615,"href":"https:\/\/www.ifbaiano.edu.br\/unidades\/lapa\/wp-json\/wp\/v2\/posts\/7614\/revisions\/7615"}],"wp:attachment":[{"href":"https:\/\/www.ifbaiano.edu.br\/unidades\/lapa\/wp-json\/wp\/v2\/media?parent=7614"}],"wp:term":[{"taxonomy":"category","embeddable":true,"href":"https:\/\/www.ifbaiano.edu.br\/unidades\/lapa\/wp-json\/wp\/v2\/categories?post=7614"},{"taxonomy":"post_tag","embeddable":true,"href":"https:\/\/www.ifbaiano.edu.br\/unidades\/lapa\/wp-json\/wp\/v2\/tags?post=7614"}],"curies":[{"name":"wp","href":"https:\/\/api.w.org\/{rel}","templated":true}]}}