{"id":7616,"date":"2017-05-09T14:13:54","date_gmt":"2017-05-09T17:13:54","guid":{"rendered":"http:\/\/www.ifbaiano.edu.br\/unidades\/lapa\/?p=7616"},"modified":"2017-05-15T16:07:15","modified_gmt":"2017-05-15T19:07:15","slug":"publicado-o-resultado-parcial-e-cronograma-retificado-da-selecao-do-paise-edital-no-212017","status":"publish","type":"post","link":"https:\/\/www.ifbaiano.edu.br\/unidades\/lapa\/2017\/05\/09\/publicado-o-resultado-parcial-e-cronograma-retificado-da-selecao-do-paise-edital-no-212017\/","title":{"rendered":"Publicado o Resultado Parcial e  o Cronograma Retificado da Sele\u00e7\u00e3o do PAISE EDITAL N\u00ba 21\/2017"},"content":{"rendered":"<p>A Comiss\u00e3o Local de Assist\u00eancia Estudantil Divulga (clique nos links abaixo):<\/p>\n<p><a href=\"http:\/\/www.ifbaiano.edu.br\/unidades\/lapa\/files\/2017\/05\/RESULTADO-PARCIAL-PAISE-2017.pdf\" target=\"_blank\">I &#8211; \u00a0A Publica\u00e7\u00e3o do resultado parcial da sele\u00e7\u00e3o PAISE EDITAL N\u00b0 21\/2017<\/a>;<\/p>\n<p><a href=\"http:\/\/www.ifbaiano.edu.br\/unidades\/lapa\/files\/2017\/05\/RETIFICA\u00c7\u00c3O-CRONOGRAMA-PAISE-2017.pdf\" target=\"_blank\">II &#8211; A \u00a0Publica\u00e7\u00e3o de Cronograma Retificado<\/a>;<\/p>\n<p>Todas as publica\u00e7\u00f5es desse processo seletivo est\u00e3o dispon\u00edveis em: <a href=\"http:\/\/www.ifbaiano.edu.br\/unidades\/lapa\/paise\/\" target=\"_blank\">http:\/\/www.ifbaiano.edu.br\/unidades\/lapa\/paise\/<\/a>.<\/p>\n<p><strong>Fonte:<\/strong> Comiss\u00e3o Local de Assist\u00eancia Estudantil<\/p>\n<hr \/>\n<p>&nbsp;<\/p>\n","protected":false},"excerpt":{"rendered":"<p>A Comiss\u00e3o Local de Assist\u00eancia Estudantil Divulga (clique nos links abaixo): I &#8211; \u00a0A Publica\u00e7\u00e3o do resultado parcial da sele\u00e7\u00e3o PAISE EDITAL N\u00b0 21\/2017; II &#8211; A \u00a0Publica\u00e7\u00e3o de Cronograma Retificado; Todas as publica\u00e7\u00f5es desse processo seletivo est\u00e3o dispon\u00edveis em: http:\/\/www.ifbaiano.edu.br\/unidades\/lapa\/paise\/. Fonte: Comiss\u00e3o Local de Assist\u00eancia Estudantil &nbsp;<\/p>\n","protected":false},"author":65,"featured_media":0,"comment_status":"open","ping_status":"open","sticky":false,"template":"","format":"standard","meta":[],"categories":[32,24],"tags":[],"_links":{"self":[{"href":"https:\/\/www.ifbaiano.edu.br\/unidades\/lapa\/wp-json\/wp\/v2\/posts\/7616"}],"collection":[{"href":"https:\/\/www.ifbaiano.edu.br\/unidades\/lapa\/wp-json\/wp\/v2\/posts"}],"about":[{"href":"https:\/\/www.ifbaiano.edu.br\/unidades\/lapa\/wp-json\/wp\/v2\/types\/post"}],"author":[{"embeddable":true,"href":"https:\/\/www.ifbaiano.edu.br\/unidades\/lapa\/wp-json\/wp\/v2\/users\/65"}],"replies":[{"embeddable":true,"href":"https:\/\/www.ifbaiano.edu.br\/unidades\/lapa\/wp-json\/wp\/v2\/comments?post=7616"}],"version-history":[{"count":3,"href":"https:\/\/www.ifbaiano.edu.br\/unidades\/lapa\/wp-json\/wp\/v2\/posts\/7616\/revisions"}],"predecessor-version":[{"id":7622,"href":"https:\/\/www.ifbaiano.edu.br\/unidades\/lapa\/wp-json\/wp\/v2\/posts\/7616\/revisions\/7622"}],"wp:attachment":[{"href":"https:\/\/www.ifbaiano.edu.br\/unidades\/lapa\/wp-json\/wp\/v2\/media?parent=7616"}],"wp:term":[{"taxonomy":"category","embeddable":true,"href":"https:\/\/www.ifbaiano.edu.br\/unidades\/lapa\/wp-json\/wp\/v2\/categories?post=7616"},{"taxonomy":"post_tag","embeddable":true,"href":"https:\/\/www.ifbaiano.edu.br\/unidades\/lapa\/wp-json\/wp\/v2\/tags?post=7616"}],"curies":[{"name":"wp","href":"https:\/\/api.w.org\/{rel}","templated":true}]}}