{"id":7624,"date":"2017-05-09T14:52:15","date_gmt":"2017-05-09T17:52:15","guid":{"rendered":"http:\/\/www.ifbaiano.edu.br\/unidades\/lapa\/?p=7624"},"modified":"2017-05-16T14:52:10","modified_gmt":"2017-05-16T17:52:10","slug":"campus-bom-jesus-da-lapa-realizara-pregao-eletronico-na-modalidade-registro-de-preco-para-aquisicao-eventual-de-ferramentas-materiais-de-manutencao-predial-e-de-consumo-para-reposicao-do-estoque-do","status":"publish","type":"post","link":"https:\/\/www.ifbaiano.edu.br\/unidades\/lapa\/2017\/05\/09\/campus-bom-jesus-da-lapa-realizara-pregao-eletronico-na-modalidade-registro-de-preco-para-aquisicao-eventual-de-ferramentas-materiais-de-manutencao-predial-e-de-consumo-para-reposicao-do-estoque-do\/","title":{"rendered":"Campus Lapa realizar\u00e1 Preg\u00e3o Eletr\u00f4nico na modalidade registro de pre\u00e7o para aquisi\u00e7\u00e3o de materiais de consumo"},"content":{"rendered":"<p lang=\"pt-PT\" style=\"text-align: justify\" align=\"left\"><span style=\"font-family: Arial,sans-serif\"><span style=\"font-size: medium\"><span style=\"color: #000000\"><span lang=\"pt-PT\">O Instituto Federal Baiano \u2013 Campus Bom Jesus da Lapa torna p\u00fablico, para conhecimento dos interessados, que realizar\u00e1 <\/span><\/span><span style=\"color: #000000\"><span lang=\"pt-PT\"><b> Preg\u00e3o Eletr\u00f4nico<\/b><\/span><\/span><span style=\"color: #000000\"><span lang=\"pt-PT\"> na modalidade Registro de Pre\u00e7o:<\/span><\/span><\/span><\/span><\/p>\n<p lang=\"pt-PT\" style=\"text-align: justify\" align=\"left\"><span style=\"font-family: Arial,sans-serif\"><span style=\"font-size: medium\"><span style=\"color: #000000\"><span lang=\"pt-PT\"><b>Objeto:<\/b><\/span><\/span> <span style=\"color: #000000\"><span lang=\"pt-PT\">Aquisi\u00e7\u00e3o eventual de ferramentas, materiais de manuten\u00e7\u00e3o predial e de consumo, para reposi\u00e7\u00e3o do estoque do Almoxarifado<\/span><\/span><\/span><\/span><\/p>\n<p lang=\"pt-PT\" style=\"text-align: left\" align=\"left\"><span style=\"color: #000000\"><span style=\"font-family: Arial,sans-serif\"><span style=\"font-size: medium\"><span lang=\"pt-PT\"><b>Sess\u00e3o de abertura:<\/b><\/span><\/span><\/span><\/span> <span style=\"color: #000000\"><span style=\"font-family: Arial,sans-serif\"><span style=\"font-size: medium\"><span lang=\"pt-PT\">19\/05\/2017, \u00e0s 08:00-<\/span><\/span><\/span><\/span><span style=\"color: #000000\"><span style=\"font-family: Arial,sans-serif\"><span style=\"font-size: medium\"><span lang=\"pt-PT\">hor\u00e1rio de Bras\u00edlia no site: <\/span><\/span><\/span><\/span><span style=\"color: #000080\"><span lang=\"zxx\"><u><a href=\"http:\/\/www.comprasgovernamentais.gov.br\/\" target=\"_blank\"><span style=\"color: #000000\"><span style=\"font-family: Arial,sans-serif\"><span style=\"font-size: medium\"><span lang=\"pt-PT\">www.comprasgovernamentais.gov.br<\/span><\/span><\/span><\/span><\/a><\/u><\/span><\/span><\/p>\n<p lang=\"pt-PT\" style=\"text-align: left\"><span style=\"font-family: Arial,sans-serif\"><span style=\"font-size: medium\">Para maiores informa\u00e7\u00f5es e esclarecimentos, entrar em contato atrav\u00e9s do e-mail: <\/span><\/span><a href=\"mailto:licitacao@lapa.ifbaiano.edu.br\" target=\"_blank\"><span style=\"color: #000080\"><span lang=\"zxx\"><u><span style=\"font-family: Arial,sans-serif\"><span style=\"font-size: medium\">licitacao@<\/span><\/span><\/u><\/span><\/span><span style=\"font-family: Arial,sans-serif\"><span style=\"font-size: medium\">lapa.<\/span><\/span><span style=\"color: #000080\"><span lang=\"zxx\"><u><span style=\"font-family: Arial,sans-serif\"><span style=\"font-size: medium\">ifbaiano.edu.br<\/span><\/span><\/u><\/span><\/span><\/a><\/p>\n<p lang=\"pt-PT\" style=\"text-align: left\" align=\"left\"><b><span style=\"font-family: Arial,sans-serif\"><span style=\"font-size: medium\">Confira o edital abaixo:<\/span><\/span><\/b><\/p>\n<p lang=\"pt-PT\" style=\"text-align: left\" align=\"left\"><a href=\"http:\/\/www.ifbaiano.edu.br\/unidades\/lapa\/files\/2017\/05\/EDITAL-07-2017-PREGAO-ELETRONICO.pdf\" target=\"_blank\"><span style=\"font-family: Arial,sans-serif\"><span style=\"font-size: medium\">EDITAL 07\/2017 e ANEXOS<\/span><\/span><\/a><\/p>\n<hr \/>\n<p lang=\"pt-PT\" style=\"text-align: left\" align=\"left\">\n","protected":false},"excerpt":{"rendered":"<p>O Instituto Federal Baiano \u2013 Campus Bom Jesus da Lapa torna p\u00fablico, para conhecimento dos interessados, que realizar\u00e1 Preg\u00e3o Eletr\u00f4nico na modalidade Registro de Pre\u00e7o: Objeto: Aquisi\u00e7\u00e3o eventual de ferramentas, materiais de manuten\u00e7\u00e3o predial e de consumo, para reposi\u00e7\u00e3o do estoque do Almoxarifado Sess\u00e3o de abertura: 19\/05\/2017, \u00e0s 08:00-hor\u00e1rio de Bras\u00edlia no site: www.comprasgovernamentais.gov.br Para [&hellip;]<\/p>\n","protected":false},"author":65,"featured_media":0,"comment_status":"open","ping_status":"open","sticky":false,"template":"","format":"standard","meta":[],"categories":[26,24],"tags":[],"_links":{"self":[{"href":"https:\/\/www.ifbaiano.edu.br\/unidades\/lapa\/wp-json\/wp\/v2\/posts\/7624"}],"collection":[{"href":"https:\/\/www.ifbaiano.edu.br\/unidades\/lapa\/wp-json\/wp\/v2\/posts"}],"about":[{"href":"https:\/\/www.ifbaiano.edu.br\/unidades\/lapa\/wp-json\/wp\/v2\/types\/post"}],"author":[{"embeddable":true,"href":"https:\/\/www.ifbaiano.edu.br\/unidades\/lapa\/wp-json\/wp\/v2\/users\/65"}],"replies":[{"embeddable":true,"href":"https:\/\/www.ifbaiano.edu.br\/unidades\/lapa\/wp-json\/wp\/v2\/comments?post=7624"}],"version-history":[{"count":5,"href":"https:\/\/www.ifbaiano.edu.br\/unidades\/lapa\/wp-json\/wp\/v2\/posts\/7624\/revisions"}],"predecessor-version":[{"id":7630,"href":"https:\/\/www.ifbaiano.edu.br\/unidades\/lapa\/wp-json\/wp\/v2\/posts\/7624\/revisions\/7630"}],"wp:attachment":[{"href":"https:\/\/www.ifbaiano.edu.br\/unidades\/lapa\/wp-json\/wp\/v2\/media?parent=7624"}],"wp:term":[{"taxonomy":"category","embeddable":true,"href":"https:\/\/www.ifbaiano.edu.br\/unidades\/lapa\/wp-json\/wp\/v2\/categories?post=7624"},{"taxonomy":"post_tag","embeddable":true,"href":"https:\/\/www.ifbaiano.edu.br\/unidades\/lapa\/wp-json\/wp\/v2\/tags?post=7624"}],"curies":[{"name":"wp","href":"https:\/\/api.w.org\/{rel}","templated":true}]}}