{"id":7680,"date":"2017-05-22T20:24:01","date_gmt":"2017-05-22T23:24:01","guid":{"rendered":"http:\/\/www.ifbaiano.edu.br\/unidades\/lapa\/?p=7680"},"modified":"2017-06-02T09:02:41","modified_gmt":"2017-06-02T12:02:41","slug":"campus-bom-jesus-da-lapa-realiza-projeto-oficinando-cultura","status":"publish","type":"post","link":"https:\/\/www.ifbaiano.edu.br\/unidades\/lapa\/2017\/05\/22\/campus-bom-jesus-da-lapa-realiza-projeto-oficinando-cultura\/","title":{"rendered":"Campus Bom Jesus da Lapa realiza Projeto Oficinando Cultura"},"content":{"rendered":"<p>Acontece no Campus Bom Jesus da Lapa, no pr\u00f3ximo dia 27 de maio de 2017, a Etapa Final do <strong>Projeto Oficinando Cultura<\/strong>, que visa difundir junto \u00e0 comunidade acad\u00eamica, o conhecimento do fazer art\u00edstico por meio do ensino e da produ\u00e7\u00e3o de artistas locais.<\/p>\n<p>Espera-se atrav\u00e9s desse projeto, que as comunidades interna e externa ao IF Baiano sejam despertadas para observar a import\u00e2ncia do fazer art\u00edstico na sociedade. Mas n\u00e3o apenas isso: as oficinas ministradas por meio do projeto visam agu\u00e7ar a sensibilidade art\u00edstica dos participantes, levando-os a uma percep\u00e7\u00e3o de que eles tamb\u00e9m podem ser praticantes da arte.<\/p>\n<p>As inscri\u00e7\u00f5es est\u00e3o abertas no per\u00edodo de 22 a 25 de maio de 2017, atrav\u00e9s do seguinte link:<\/p>\n<p><a href=\"https:\/\/docs.google.com\/forms\/d\/1mAljvNBaryEWu2TLc7l0fELLLLjn8XSrfytJAujiOWA\/viewform?c=0&amp;w=1&amp;edit_requested=true\">ACESSEM AQUI O FORMUL\u00c1RIO DE INSCRI\u00c7\u00c3O!<\/a><\/p>\n<p>Para participar, os interessados dever\u00e3o acessar e preencher o formul\u00e1rio online, selecionando a oficina pretendida. Cumpre ressaltar que havendo duas ou mais inscri\u00e7\u00f5es efetivadas pelo mesmo candidato, s\u00f3 ser\u00e1 considerada a mais recente. As oficinas ofertadas s\u00e3o: dan\u00e7a moderna, introdu\u00e7\u00e3o \u00e0 pintura, poesia, artesanato (materiais recicl\u00e1veis e palhas de bananeiras), capoeira, introdu\u00e7\u00e3o \u00e0 bateria, fotografia e exposi\u00e7\u00e3o f\u00edlmica. Participem!<\/p>\n<p><strong>\u00a0\u00a0\u00a0\u00a0\u00a0\u00a0\u00a0\u00a0\u00a0\u00a0 Fonte:<\/strong> Comiss\u00e3o Organizadora<\/p>\n","protected":false},"excerpt":{"rendered":"<p>Acontece no Campus Bom Jesus da Lapa, no pr\u00f3ximo dia 27 de maio de 2017, a Etapa Final do Projeto Oficinando Cultura, que visa difundir junto \u00e0 comunidade acad\u00eamica, o conhecimento do fazer art\u00edstico por meio do ensino e da produ\u00e7\u00e3o de artistas locais. Espera-se atrav\u00e9s desse projeto, que as comunidades interna e externa ao [&hellip;]<\/p>\n","protected":false},"author":36,"featured_media":0,"comment_status":"open","ping_status":"open","sticky":false,"template":"","format":"standard","meta":[],"categories":[24],"tags":[],"_links":{"self":[{"href":"https:\/\/www.ifbaiano.edu.br\/unidades\/lapa\/wp-json\/wp\/v2\/posts\/7680"}],"collection":[{"href":"https:\/\/www.ifbaiano.edu.br\/unidades\/lapa\/wp-json\/wp\/v2\/posts"}],"about":[{"href":"https:\/\/www.ifbaiano.edu.br\/unidades\/lapa\/wp-json\/wp\/v2\/types\/post"}],"author":[{"embeddable":true,"href":"https:\/\/www.ifbaiano.edu.br\/unidades\/lapa\/wp-json\/wp\/v2\/users\/36"}],"replies":[{"embeddable":true,"href":"https:\/\/www.ifbaiano.edu.br\/unidades\/lapa\/wp-json\/wp\/v2\/comments?post=7680"}],"version-history":[{"count":1,"href":"https:\/\/www.ifbaiano.edu.br\/unidades\/lapa\/wp-json\/wp\/v2\/posts\/7680\/revisions"}],"predecessor-version":[{"id":7681,"href":"https:\/\/www.ifbaiano.edu.br\/unidades\/lapa\/wp-json\/wp\/v2\/posts\/7680\/revisions\/7681"}],"wp:attachment":[{"href":"https:\/\/www.ifbaiano.edu.br\/unidades\/lapa\/wp-json\/wp\/v2\/media?parent=7680"}],"wp:term":[{"taxonomy":"category","embeddable":true,"href":"https:\/\/www.ifbaiano.edu.br\/unidades\/lapa\/wp-json\/wp\/v2\/categories?post=7680"},{"taxonomy":"post_tag","embeddable":true,"href":"https:\/\/www.ifbaiano.edu.br\/unidades\/lapa\/wp-json\/wp\/v2\/tags?post=7680"}],"curies":[{"name":"wp","href":"https:\/\/api.w.org\/{rel}","templated":true}]}}