{"id":7705,"date":"2017-05-31T22:18:37","date_gmt":"2017-06-01T01:18:37","guid":{"rendered":"http:\/\/www.ifbaiano.edu.br\/unidades\/lapa\/?p=7705"},"modified":"2017-06-02T09:02:28","modified_gmt":"2017-06-02T12:02:28","slug":"campus-lapa-oferta-20-vagas-para-o-bacharelado-em-engenharia-agronomica-no-semestres-2017-2","status":"publish","type":"post","link":"https:\/\/www.ifbaiano.edu.br\/unidades\/lapa\/2017\/05\/31\/campus-lapa-oferta-20-vagas-para-o-bacharelado-em-engenharia-agronomica-no-semestres-2017-2\/","title":{"rendered":"Campus Lapa oferta 20 vagas para o Bacharelado em Engenharia Agron\u00f4mica no semestres 2017.2"},"content":{"rendered":"<p>As inscri\u00e7\u00f5es para a segunda edi\u00e7\u00e3o de 2017 do Sistema de Sele\u00e7\u00e3o Unificada (Sisu) come\u00e7aram nesta segunda-feira, 29, e v\u00e3o at\u00e9 1\u00ba de junho. Para se candidatar, \u00e9 preciso ter se submetido ao \u00faltimo Exame Nacional do Ensino M\u00e9dio (Enem) e n\u00e3o ter tirado zero na reda\u00e7\u00e3o.<\/p>\n<p>Nessa etapa, o IF Baiano est\u00e1 ofertando <a href=\"http:\/\/sisu.mec.gov.br\/cursos?tipo=ies&amp;valor=14509\">140 vagas<\/a> para os campi <em>Campus<\/em> Santa In\u00eas, nos cursos de Biologia (40), Geografia (40) e Zootecnia (40), e para o <em>Campus<\/em> Bom Jesus da Lapa, no curso de Engenharia Agron\u00f4mica (20).<\/p>\n<p>Para concorrer \u00e0s vagas, \u00e9 preciso realizar inscri\u00e7\u00e3o exclusivamente na <strong><a href=\"http:\/\/sisu.mec.gov.br\/\">p\u00e1gina do Sisu<\/a><\/strong> na internet, sem nenhuma cobran\u00e7a de taxa. O candidato deve acessar a p\u00e1gina com o n\u00famero de inscri\u00e7\u00e3o e senha do Enem de 2016, para depois definir os cursos por ordem de prefer\u00eancia.<\/p>\n<p>Esta segunda edi\u00e7\u00e3o do Sisu ser\u00e1 realizada em uma \u00fanica chamada, estando o resultado previsto para ser divulgado em 5 de junho \u2013 mesma data em que ser\u00e1 aberta a lista de espera. J\u00e1 a matr\u00edcula deve ser feita entre os dias 9 e 13 de julho.<\/p>\n<p>As inscri\u00e7\u00f5es podem ser feitas no site: <a href=\"http:\/\/sisu.mec.gov.br\/\">http:\/\/sisu.mec.gov.br\/<\/a>.<\/p>\n<p><strong>Fonte:<\/strong> Adaptado de ASCOM\/REITORIA\/IF BAIANO.<\/p>\n<p>&nbsp;<\/p>\n<p><a href=\"http:\/\/www.ifbaiano.edu.br\/unidades\/lapa\/files\/2017\/05\/sisu.jpg\"><img decoding=\"async\" loading=\"lazy\" class=\"aligncenter size-full wp-image-7706\" src=\"http:\/\/www.ifbaiano.edu.br\/unidades\/lapa\/files\/2017\/05\/sisu.jpg\" alt=\"sisu\" width=\"960\" height=\"720\" \/><\/a><\/p>\n","protected":false},"excerpt":{"rendered":"<p>As inscri\u00e7\u00f5es para a segunda edi\u00e7\u00e3o de 2017 do Sistema de Sele\u00e7\u00e3o Unificada (Sisu) come\u00e7aram nesta segunda-feira, 29, e v\u00e3o at\u00e9 1\u00ba de junho. Para se candidatar, \u00e9 preciso ter se submetido ao \u00faltimo Exame Nacional do Ensino M\u00e9dio (Enem) e n\u00e3o ter tirado zero na reda\u00e7\u00e3o. Nessa etapa, o IF Baiano est\u00e1 ofertando 140 [&hellip;]<\/p>\n","protected":false},"author":36,"featured_media":0,"comment_status":"open","ping_status":"open","sticky":false,"template":"","format":"standard","meta":[],"categories":[26,24],"tags":[],"_links":{"self":[{"href":"https:\/\/www.ifbaiano.edu.br\/unidades\/lapa\/wp-json\/wp\/v2\/posts\/7705"}],"collection":[{"href":"https:\/\/www.ifbaiano.edu.br\/unidades\/lapa\/wp-json\/wp\/v2\/posts"}],"about":[{"href":"https:\/\/www.ifbaiano.edu.br\/unidades\/lapa\/wp-json\/wp\/v2\/types\/post"}],"author":[{"embeddable":true,"href":"https:\/\/www.ifbaiano.edu.br\/unidades\/lapa\/wp-json\/wp\/v2\/users\/36"}],"replies":[{"embeddable":true,"href":"https:\/\/www.ifbaiano.edu.br\/unidades\/lapa\/wp-json\/wp\/v2\/comments?post=7705"}],"version-history":[{"count":1,"href":"https:\/\/www.ifbaiano.edu.br\/unidades\/lapa\/wp-json\/wp\/v2\/posts\/7705\/revisions"}],"predecessor-version":[{"id":7707,"href":"https:\/\/www.ifbaiano.edu.br\/unidades\/lapa\/wp-json\/wp\/v2\/posts\/7705\/revisions\/7707"}],"wp:attachment":[{"href":"https:\/\/www.ifbaiano.edu.br\/unidades\/lapa\/wp-json\/wp\/v2\/media?parent=7705"}],"wp:term":[{"taxonomy":"category","embeddable":true,"href":"https:\/\/www.ifbaiano.edu.br\/unidades\/lapa\/wp-json\/wp\/v2\/categories?post=7705"},{"taxonomy":"post_tag","embeddable":true,"href":"https:\/\/www.ifbaiano.edu.br\/unidades\/lapa\/wp-json\/wp\/v2\/tags?post=7705"}],"curies":[{"name":"wp","href":"https:\/\/api.w.org\/{rel}","templated":true}]}}