{"id":7709,"date":"2017-06-01T15:09:17","date_gmt":"2017-06-01T18:09:17","guid":{"rendered":"http:\/\/www.ifbaiano.edu.br\/unidades\/lapa\/?p=7709"},"modified":"2017-06-19T22:18:19","modified_gmt":"2017-06-20T01:18:19","slug":"campus-bom-jesus-da-lapa-promovera-palestra-sobre-palma-forrageira-no-combate-a-seca","status":"publish","type":"post","link":"https:\/\/www.ifbaiano.edu.br\/unidades\/lapa\/2017\/06\/01\/campus-bom-jesus-da-lapa-promovera-palestra-sobre-palma-forrageira-no-combate-a-seca\/","title":{"rendered":"Campus Bom Jesus da Lapa promover\u00e1 Palestra sobre Palma Forrageira no combate \u00e0 seca!"},"content":{"rendered":"<div>\n<p><a href=\"http:\/\/www.ifbaiano.edu.br\/unidades\/lapa\/files\/2017\/06\/Convite-Palma.jpg\"><img decoding=\"async\" loading=\"lazy\" class=\"wp-image-7711 aligncenter\" src=\"http:\/\/www.ifbaiano.edu.br\/unidades\/lapa\/files\/2017\/06\/Convite-Palma.jpg\" alt=\"Convite Palma\" width=\"724\" height=\"544\" \/><\/a><\/p>\n<\/div>\n<div>\n<p style=\"text-align: justify\">O Campus Bom Jesus da Lapa realizar\u00e1, no pr\u00f3ximo dia 03 de junho de 2017, \u00e0s 08:00h, no audit\u00f3rio, a Palestra &#8221; <strong>Utiliza\u00e7\u00e3o da Palma Forrageira como alternativa para a conviv\u00eancia com a seca&#8221;<\/strong>. A atividade integra as a\u00e7\u00f5es de um projeto de extens\u00e3o de mesmo nome, vinculado \u00e0 Chamada PROEX 02\/2015, sob a coordena\u00e7\u00e3o do Professor Ariomar Rodrigues dos Santos.<\/p>\n<p style=\"text-align: justify\">Al\u00e9m do professor Ariomar, o evento <span id=\"OBJ_PREFIX_DWT1419_com_zimbra_date\" class=\"Object\"><span id=\"OBJ_PREFIX_DWT1427_com_zimbra_date\" class=\"Object\">ter<\/span><\/span>\u00e1 a presen\u00e7a do prof. Dr. Raimundo Vaz, do IF Baiano &#8211; Reitoria, Engenheiro Agr\u00f4nomo e pesquisador da \u00e1rea. Dentre os objetivos gerais da a\u00e7\u00e3o, est\u00e1 o de criar um espa\u00e7o de integra\u00e7\u00e3o entre comunidade interna e externa ao campus, para debater a utiliza\u00e7\u00e3o da palma forrageira como indutora de desenvolvimento social e da sustentabilidade, identificando dificuldades e necessidades dos produtores locais, ao mesmo tempo em que disponibiliza informa\u00e7\u00f5es sobre manejo da cultura.<\/p>\n<p style=\"text-align: justify\">O convite est\u00e1 aberto \u00e0 comunidade interna e externa. As inscri\u00e7\u00f5es ser\u00e3o feitas no dia do evento.<\/p>\n<\/div>\n<div>\n<h3 style=\"text-align: justify\"><a href=\"http:\/\/www.ifbaiano.edu.br\/unidades\/lapa\/files\/2017\/06\/Folder-Palma-Ariomar.pdf\" target=\"_blank\">Acesse o folder do evento aqui!<\/a><\/h3>\n<\/div>\n<hr \/>\n","protected":false},"excerpt":{"rendered":"<p>O Campus Bom Jesus da Lapa realizar\u00e1, no pr\u00f3ximo dia 03 de junho de 2017, \u00e0s 08:00h, no audit\u00f3rio, a Palestra &#8221; Utiliza\u00e7\u00e3o da Palma Forrageira como alternativa para a conviv\u00eancia com a seca&#8221;. A atividade integra as a\u00e7\u00f5es de um projeto de extens\u00e3o de mesmo nome, vinculado \u00e0 Chamada PROEX 02\/2015, sob a coordena\u00e7\u00e3o [&hellip;]<\/p>\n","protected":false},"author":58,"featured_media":0,"comment_status":"open","ping_status":"open","sticky":false,"template":"","format":"standard","meta":[],"categories":[24,65],"tags":[],"_links":{"self":[{"href":"https:\/\/www.ifbaiano.edu.br\/unidades\/lapa\/wp-json\/wp\/v2\/posts\/7709"}],"collection":[{"href":"https:\/\/www.ifbaiano.edu.br\/unidades\/lapa\/wp-json\/wp\/v2\/posts"}],"about":[{"href":"https:\/\/www.ifbaiano.edu.br\/unidades\/lapa\/wp-json\/wp\/v2\/types\/post"}],"author":[{"embeddable":true,"href":"https:\/\/www.ifbaiano.edu.br\/unidades\/lapa\/wp-json\/wp\/v2\/users\/58"}],"replies":[{"embeddable":true,"href":"https:\/\/www.ifbaiano.edu.br\/unidades\/lapa\/wp-json\/wp\/v2\/comments?post=7709"}],"version-history":[{"count":11,"href":"https:\/\/www.ifbaiano.edu.br\/unidades\/lapa\/wp-json\/wp\/v2\/posts\/7709\/revisions"}],"predecessor-version":[{"id":7722,"href":"https:\/\/www.ifbaiano.edu.br\/unidades\/lapa\/wp-json\/wp\/v2\/posts\/7709\/revisions\/7722"}],"wp:attachment":[{"href":"https:\/\/www.ifbaiano.edu.br\/unidades\/lapa\/wp-json\/wp\/v2\/media?parent=7709"}],"wp:term":[{"taxonomy":"category","embeddable":true,"href":"https:\/\/www.ifbaiano.edu.br\/unidades\/lapa\/wp-json\/wp\/v2\/categories?post=7709"},{"taxonomy":"post_tag","embeddable":true,"href":"https:\/\/www.ifbaiano.edu.br\/unidades\/lapa\/wp-json\/wp\/v2\/tags?post=7709"}],"curies":[{"name":"wp","href":"https:\/\/api.w.org\/{rel}","templated":true}]}}