{"id":775,"date":"2013-01-10T19:27:20","date_gmt":"2013-01-10T21:27:20","guid":{"rendered":"http:\/\/www.ifbaiano.edu.br\/unidades\/lapa\/?p=775"},"modified":"2013-01-10T19:27:20","modified_gmt":"2013-01-10T21:27:20","slug":"visita-ao-campus-rural","status":"publish","type":"post","link":"https:\/\/www.ifbaiano.edu.br\/unidades\/lapa\/2013\/01\/10\/visita-ao-campus-rural\/","title":{"rendered":"Visita ao Campus Rural"},"content":{"rendered":"<p>Servidores do Campus visitam as obras de constru\u00e7\u00e3o do Campus.<\/p>\n<p><!--more--><\/p>\n<p>No \u00faltimo dia oito de janeiro de 2013, a Dire\u00e7\u00e3o Geral conduziu os coordenadores, \u00a0chefes das unidades de trabalho e servidores do Campus para uma visita \u00e0s obras de constru\u00e7\u00e3o da sede pr\u00f3pria, situada no KM 14 da BR 349. O objetivo foi familiarizar os servidores com as instala\u00e7\u00f5es e sanar quest\u00f5es referentes ao prazo de conclus\u00e3o dos trabalhos, uma vez que se aproxima a data para ocupa\u00e7\u00e3o das referidas instala\u00e7\u00f5es.<\/p>\n<p><a href=\"http:\/\/www.ifbaiano.edu.br\/unidades\/lapa\/files\/2013\/01\/visita.jpg\"><img decoding=\"async\" loading=\"lazy\" class=\"aligncenter size-thumbnail wp-image-776\" src=\"http:\/\/www.ifbaiano.edu.br\/unidades\/lapa\/files\/2013\/01\/visita-150x150.jpg\" alt=\"\" width=\"150\" height=\"150\" \/><\/a><a href=\"http:\/\/www.ifbaiano.edu.br\/unidades\/lapa\/files\/2013\/01\/visita-2.jpg\"><img decoding=\"async\" loading=\"lazy\" class=\"aligncenter size-thumbnail wp-image-777\" src=\"http:\/\/www.ifbaiano.edu.br\/unidades\/lapa\/files\/2013\/01\/visita-2-150x150.jpg\" alt=\"\" width=\"150\" height=\"150\" \/><\/a><\/p>\n","protected":false},"excerpt":{"rendered":"<p>Servidores do Campus visitam as obras de constru\u00e7\u00e3o do Campus.<\/p>\n","protected":false},"author":23,"featured_media":0,"comment_status":"open","ping_status":"open","sticky":false,"template":"","format":"standard","meta":[],"categories":[38],"tags":[],"_links":{"self":[{"href":"https:\/\/www.ifbaiano.edu.br\/unidades\/lapa\/wp-json\/wp\/v2\/posts\/775"}],"collection":[{"href":"https:\/\/www.ifbaiano.edu.br\/unidades\/lapa\/wp-json\/wp\/v2\/posts"}],"about":[{"href":"https:\/\/www.ifbaiano.edu.br\/unidades\/lapa\/wp-json\/wp\/v2\/types\/post"}],"author":[{"embeddable":true,"href":"https:\/\/www.ifbaiano.edu.br\/unidades\/lapa\/wp-json\/wp\/v2\/users\/23"}],"replies":[{"embeddable":true,"href":"https:\/\/www.ifbaiano.edu.br\/unidades\/lapa\/wp-json\/wp\/v2\/comments?post=775"}],"version-history":[{"count":1,"href":"https:\/\/www.ifbaiano.edu.br\/unidades\/lapa\/wp-json\/wp\/v2\/posts\/775\/revisions"}],"predecessor-version":[{"id":778,"href":"https:\/\/www.ifbaiano.edu.br\/unidades\/lapa\/wp-json\/wp\/v2\/posts\/775\/revisions\/778"}],"wp:attachment":[{"href":"https:\/\/www.ifbaiano.edu.br\/unidades\/lapa\/wp-json\/wp\/v2\/media?parent=775"}],"wp:term":[{"taxonomy":"category","embeddable":true,"href":"https:\/\/www.ifbaiano.edu.br\/unidades\/lapa\/wp-json\/wp\/v2\/categories?post=775"},{"taxonomy":"post_tag","embeddable":true,"href":"https:\/\/www.ifbaiano.edu.br\/unidades\/lapa\/wp-json\/wp\/v2\/tags?post=775"}],"curies":[{"name":"wp","href":"https:\/\/api.w.org\/{rel}","templated":true}]}}