{"id":7757,"date":"2017-06-19T09:17:28","date_gmt":"2017-06-19T12:17:28","guid":{"rendered":"http:\/\/www.ifbaiano.edu.br\/unidades\/lapa\/?p=7757"},"modified":"2017-06-19T22:11:24","modified_gmt":"2017-06-20T01:11:24","slug":"chamada-publica-para-aquisicao-de-generos-alimenticios-pnae","status":"publish","type":"post","link":"https:\/\/www.ifbaiano.edu.br\/unidades\/lapa\/2017\/06\/19\/chamada-publica-para-aquisicao-de-generos-alimenticios-pnae\/","title":{"rendered":"Chamada p\u00fablica para aquisi\u00e7\u00e3o de g\u00eaneros aliment\u00edcios &#8211; PNAE"},"content":{"rendered":"<p><a href=\"http:\/\/www.ifbaiano.edu.br\/unidades\/lapa\/files\/2017\/06\/imagem-anexa-ao-texto.jpg\"><img decoding=\"async\" loading=\"lazy\" class=\"wp-image-7758 alignleft\" src=\"http:\/\/www.ifbaiano.edu.br\/unidades\/lapa\/files\/2017\/06\/imagem-anexa-ao-texto.jpg\" alt=\"imagem anexa ao texto\" width=\"469\" height=\"400\" \/><\/a><\/p>\n<p>&nbsp;<\/p>\n<p>&nbsp;<\/p>\n<p>&nbsp;<\/p>\n<p>&nbsp;<\/p>\n<p>&nbsp;<\/p>\n<p>&nbsp;<\/p>\n<p>&nbsp;<\/p>\n<p>&nbsp;<\/p>\n<p>&nbsp;<\/p>\n<p>&nbsp;<\/p>\n<p>&nbsp;<\/p>\n<p>&nbsp;<\/p>\n<p>&nbsp;<\/p>\n<p>O Instituto Federal Baiano \u2013 <em>Campus B<\/em>om Jesus da Lapa torna p\u00fablico, para conhecimento dos interessados, que realizar\u00e1 a Chamada P\u00fablica n\u00ba 01\/2017. Objeto: Aquisi\u00e7\u00e3o de g\u00eaneros aliment\u00edcios da agricultura familiar para atendimento ao Programa Nacional de Alimenta\u00e7\u00e3o Escolar \u2013 PNAE, conforme as pe\u00e7as t\u00e9cnicas constantes no Instrumento Convocat\u00f3rio e seus anexos, partes integrantes desta Chamada P\u00fablica. O Edital encontra-se dispon\u00edvel na sede do \u00a0Campus e no s\u00edtio\u00a0 <u>http:\/\/www.ifbaiano.edu.br\/unidades\/lapa\/<\/u>. Sess\u00e3o de abertura: <strong>20\/07\/2017, \u00e0s 09h, Hor\u00e1rio Local, na sede do Instituto Federal Baiano \u2013 <em>Campus <\/em>Bom Jesus da Lapa<\/strong>, localizado na BR 349, Km 14, Rodovia Bom Jesus da Lapa X Santa Maria da Vit\u00f3ria \u2013 Bahia.<\/p>\n<p>&nbsp;<\/p>\n<p>Segue em anexo Editais e Formul\u00e1rios.<\/p>\n<p><a href=\"http:\/\/www.ifbaiano.edu.br\/unidades\/lapa\/files\/2017\/06\/AVISO-DE-CHAMADA-PUBLICA.pdf\">AVISO-DE-CHAMADA-PUBLICA<\/a><\/p>\n<p><a href=\"http:\/\/www.ifbaiano.edu.br\/unidades\/lapa\/files\/2017\/06\/Edital-Chamada-P\u00fablica-01-2017.pdf\">Edital Chamada P\u00fablica 01-2017<\/a><\/p>\n<p><a href=\"http:\/\/www.ifbaiano.edu.br\/unidades\/lapa\/files\/2017\/06\/Anexo-I-ESPECIFICA\u00c7\u00d5ES.odt\">Anexo I ESPECIFICA\u00c7\u00d5ES<\/a><\/p>\n<p><a href=\"http:\/\/www.ifbaiano.edu.br\/unidades\/lapa\/files\/2017\/06\/Anexo-II-Projeto-de-Venda.odt\">Anexo II &#8211; Projeto de Venda<\/a><\/p>\n<p><a href=\"http:\/\/www.ifbaiano.edu.br\/unidades\/lapa\/files\/2017\/06\/Anexo-III-Declaracao-de-Origem-dos-Produtos.odt\">Anexo III &#8211; Declaracao-de-Origem-dos-Produtos<\/a><\/p>\n<p>&nbsp;<\/p>\n<p>&nbsp;<\/p>\n<p>&nbsp;<\/p>\n<p>&nbsp;<\/p>\n<p>&nbsp;<\/p>\n<p>&nbsp;<\/p>\n<p>&nbsp;<\/p>\n<p>.<\/p>\n","protected":false},"excerpt":{"rendered":"<p>&nbsp; &nbsp; &nbsp; &nbsp; &nbsp; &nbsp; &nbsp; &nbsp; &nbsp; &nbsp; &nbsp; &nbsp; &nbsp; O Instituto Federal Baiano \u2013 Campus Bom Jesus da Lapa torna p\u00fablico, para conhecimento dos interessados, que realizar\u00e1 a Chamada P\u00fablica n\u00ba 01\/2017. Objeto: Aquisi\u00e7\u00e3o de g\u00eaneros aliment\u00edcios da agricultura familiar para atendimento ao Programa Nacional de Alimenta\u00e7\u00e3o Escolar \u2013 PNAE, conforme [&hellip;]<\/p>\n","protected":false},"author":58,"featured_media":0,"comment_status":"open","ping_status":"open","sticky":false,"template":"","format":"standard","meta":[],"categories":[26,24,65],"tags":[],"_links":{"self":[{"href":"https:\/\/www.ifbaiano.edu.br\/unidades\/lapa\/wp-json\/wp\/v2\/posts\/7757"}],"collection":[{"href":"https:\/\/www.ifbaiano.edu.br\/unidades\/lapa\/wp-json\/wp\/v2\/posts"}],"about":[{"href":"https:\/\/www.ifbaiano.edu.br\/unidades\/lapa\/wp-json\/wp\/v2\/types\/post"}],"author":[{"embeddable":true,"href":"https:\/\/www.ifbaiano.edu.br\/unidades\/lapa\/wp-json\/wp\/v2\/users\/58"}],"replies":[{"embeddable":true,"href":"https:\/\/www.ifbaiano.edu.br\/unidades\/lapa\/wp-json\/wp\/v2\/comments?post=7757"}],"version-history":[{"count":8,"href":"https:\/\/www.ifbaiano.edu.br\/unidades\/lapa\/wp-json\/wp\/v2\/posts\/7757\/revisions"}],"predecessor-version":[{"id":7771,"href":"https:\/\/www.ifbaiano.edu.br\/unidades\/lapa\/wp-json\/wp\/v2\/posts\/7757\/revisions\/7771"}],"wp:attachment":[{"href":"https:\/\/www.ifbaiano.edu.br\/unidades\/lapa\/wp-json\/wp\/v2\/media?parent=7757"}],"wp:term":[{"taxonomy":"category","embeddable":true,"href":"https:\/\/www.ifbaiano.edu.br\/unidades\/lapa\/wp-json\/wp\/v2\/categories?post=7757"},{"taxonomy":"post_tag","embeddable":true,"href":"https:\/\/www.ifbaiano.edu.br\/unidades\/lapa\/wp-json\/wp\/v2\/tags?post=7757"}],"curies":[{"name":"wp","href":"https:\/\/api.w.org\/{rel}","templated":true}]}}