{"id":7773,"date":"2017-06-19T22:07:38","date_gmt":"2017-06-20T01:07:38","guid":{"rendered":"http:\/\/www.ifbaiano.edu.br\/unidades\/lapa\/?p=7773"},"modified":"2017-06-19T22:22:49","modified_gmt":"2017-06-20T01:22:49","slug":"parecer-sobre-requerimentos-discentes-publicacao-no-132017","status":"publish","type":"post","link":"https:\/\/www.ifbaiano.edu.br\/unidades\/lapa\/2017\/06\/19\/parecer-sobre-requerimentos-discentes-publicacao-no-132017\/","title":{"rendered":"PARECER SOBRE REQUERIMENTOS DISCENTES PUBLICA\u00c7\u00c3O N\u00ba 13\/2017"},"content":{"rendered":"<p>O Diretor Acad\u00eamico do IF Baiano &#8211; Campus Bom Jesus da Lapa, no uso de suas atribui\u00e7\u00f5es, torna p\u00fablico o Parecer dos requerimentos entregues \u00e0 Secretaria de Registros Acad\u00eamicos:<\/p>\n<p>Acesse aqui:\u00a0<a href=\"http:\/\/www.ifbaiano.edu.br\/unidades\/lapa\/files\/2017\/06\/PARECER-13-de-19-de-junho-de-2017.pdf\" target=\"_blank\">PARECER 13 de 19 de junho de 2017.<\/a><\/p>\n<p>Parecer dispon\u00edvel tamb\u00e9m na p\u00e1gina de <a href=\"http:\/\/www.ifbaiano.edu.br\/unidades\/lapa\/requerimentos-discentes\/\" target=\"_blank\">Requerimentos Discentes.<\/a><\/p>\n<p><strong>Fonte:<\/strong> Diretoria Acad\u00eamica<\/p>\n<hr \/>\n<p>&nbsp;<\/p>\n","protected":false},"excerpt":{"rendered":"<p>O Diretor Acad\u00eamico do IF Baiano &#8211; Campus Bom Jesus da Lapa, no uso de suas atribui\u00e7\u00f5es, torna p\u00fablico o Parecer dos requerimentos entregues \u00e0 Secretaria de Registros Acad\u00eamicos: Acesse aqui:\u00a0PARECER 13 de 19 de junho de 2017. Parecer dispon\u00edvel tamb\u00e9m na p\u00e1gina de Requerimentos Discentes. Fonte: Diretoria Acad\u00eamica &nbsp;<\/p>\n","protected":false},"author":65,"featured_media":0,"comment_status":"open","ping_status":"open","sticky":false,"template":"","format":"standard","meta":[],"categories":[64,39,30,24,65],"tags":[],"_links":{"self":[{"href":"https:\/\/www.ifbaiano.edu.br\/unidades\/lapa\/wp-json\/wp\/v2\/posts\/7773"}],"collection":[{"href":"https:\/\/www.ifbaiano.edu.br\/unidades\/lapa\/wp-json\/wp\/v2\/posts"}],"about":[{"href":"https:\/\/www.ifbaiano.edu.br\/unidades\/lapa\/wp-json\/wp\/v2\/types\/post"}],"author":[{"embeddable":true,"href":"https:\/\/www.ifbaiano.edu.br\/unidades\/lapa\/wp-json\/wp\/v2\/users\/65"}],"replies":[{"embeddable":true,"href":"https:\/\/www.ifbaiano.edu.br\/unidades\/lapa\/wp-json\/wp\/v2\/comments?post=7773"}],"version-history":[{"count":7,"href":"https:\/\/www.ifbaiano.edu.br\/unidades\/lapa\/wp-json\/wp\/v2\/posts\/7773\/revisions"}],"predecessor-version":[{"id":7781,"href":"https:\/\/www.ifbaiano.edu.br\/unidades\/lapa\/wp-json\/wp\/v2\/posts\/7773\/revisions\/7781"}],"wp:attachment":[{"href":"https:\/\/www.ifbaiano.edu.br\/unidades\/lapa\/wp-json\/wp\/v2\/media?parent=7773"}],"wp:term":[{"taxonomy":"category","embeddable":true,"href":"https:\/\/www.ifbaiano.edu.br\/unidades\/lapa\/wp-json\/wp\/v2\/categories?post=7773"},{"taxonomy":"post_tag","embeddable":true,"href":"https:\/\/www.ifbaiano.edu.br\/unidades\/lapa\/wp-json\/wp\/v2\/tags?post=7773"}],"curies":[{"name":"wp","href":"https:\/\/api.w.org\/{rel}","templated":true}]}}