{"id":7786,"date":"2017-06-27T09:07:52","date_gmt":"2017-06-27T12:07:52","guid":{"rendered":"http:\/\/www.ifbaiano.edu.br\/unidades\/lapa\/?p=7786"},"modified":"2017-06-27T09:09:51","modified_gmt":"2017-06-27T12:09:51","slug":"chamada-publica-paa","status":"publish","type":"post","link":"https:\/\/www.ifbaiano.edu.br\/unidades\/lapa\/2017\/06\/27\/chamada-publica-paa\/","title":{"rendered":"CHAMADA P\u00daBLICA PAA"},"content":{"rendered":"<p class=\"western\" align=\"justify\"><img decoding=\"async\" loading=\"lazy\" class=\"aligncenter size-medium wp-image-7788\" src=\"http:\/\/www.ifbaiano.edu.br\/unidades\/lapa\/files\/2017\/06\/PAA_imagem-anexa-ao-texto.jpg\" alt=\"PAA_imagem anexa ao texto\" width=\"300\" height=\"167\" \/><\/p>\n<p class=\"western\" align=\"justify\">O Instituto Federal Baiano \u2013 Campus Bom Jesus da Lapa torna p\u00fablico, para conhecimento<br \/>\ndos interessados, que realizar\u00e1 a Chamada P\u00fablica n\u00ba 02\/2017. Objeto: <b>Aquisi\u00e7\u00e3o de g\u00eaneros<br \/>\naliment\u00edcios da agricultura familiar para atendimento ao Programa de Aquisi\u00e7\u00e3o de Alimentos &#8211; PAA<\/b>, conforme as pe\u00e7as t\u00e9cnicas constantes no Instrumento Convocat\u00f3rio e seus anexos, partes integrantes desta Chamada P\u00fablica. O Edital encontra-se dispon\u00edvel na sede do Campus e no s\u00edtio http:\/\/www.ifbaiano.edu.br\/unidades\/lapa\/ <b>Sess\u00e3o de abertura: 26\/07\/2017, \u00e0s 09h<\/b>, Hor\u00e1rio Local, na sede do Instituto Federal Baiano \u2013 Campus Bom Jesus da Lapa, localizado na BR 349, Km 14, Rodovia Bom Jesus da Lapa X Santa Maria da Vit\u00f3ria \u2013 Bahia.<\/p>\n<p class=\"western\" align=\"justify\">\u00a0Segue abaixo\u00a0documentos.<\/p>\n<p class=\"western\" align=\"justify\"><a href=\"http:\/\/www.ifbaiano.edu.br\/unidades\/lapa\/files\/2017\/06\/Anexo-I-ESPECIFICA\u00c7\u00d5ES-1.odt\">Anexo I &#8211; ESPECIFICA\u00c7\u00d5ES<\/a><\/p>\n<p class=\"western\" align=\"justify\"><a href=\"http:\/\/www.ifbaiano.edu.br\/unidades\/lapa\/files\/2017\/06\/Anexo-II-Projeto-de-Venda-1.odt\">Anexo II &#8211; Projeto de Venda<\/a><\/p>\n<p class=\"western\" align=\"justify\"><a href=\"http:\/\/www.ifbaiano.edu.br\/unidades\/lapa\/files\/2017\/06\/Anexo-III-Declaracao-de-Origem-dos-Produtos-1.odt\">Anexo III &#8211; Declaracao-de-Origem-dos-Produtos<\/a><\/p>\n<p class=\"western\" align=\"justify\"><a href=\"http:\/\/www.ifbaiano.edu.br\/unidades\/lapa\/files\/2017\/06\/AVISO-DE-CHAMADA-PUBLICA-02.pdf\">AVISO-DE-CHAMADA-PUBLICA 02<\/a><\/p>\n<p class=\"western\" align=\"justify\"><a href=\"http:\/\/www.ifbaiano.edu.br\/unidades\/lapa\/files\/2017\/06\/Edital-Chamada-P\u00fablica-02-2017.pdf\">Edital Chamada P\u00fablica 02-2017<\/a><\/p>\n","protected":false},"excerpt":{"rendered":"<p>O Instituto Federal Baiano \u2013 Campus Bom Jesus da Lapa torna p\u00fablico, para conhecimento dos interessados, que realizar\u00e1 a Chamada P\u00fablica n\u00ba 02\/2017. Objeto: Aquisi\u00e7\u00e3o de g\u00eaneros aliment\u00edcios da agricultura familiar para atendimento ao Programa de Aquisi\u00e7\u00e3o de Alimentos &#8211; PAA, conforme as pe\u00e7as t\u00e9cnicas constantes no Instrumento Convocat\u00f3rio e seus anexos, partes integrantes desta [&hellip;]<\/p>\n","protected":false},"author":84,"featured_media":0,"comment_status":"open","ping_status":"open","sticky":false,"template":"","format":"standard","meta":[],"categories":[64,24,1,65],"tags":[],"_links":{"self":[{"href":"https:\/\/www.ifbaiano.edu.br\/unidades\/lapa\/wp-json\/wp\/v2\/posts\/7786"}],"collection":[{"href":"https:\/\/www.ifbaiano.edu.br\/unidades\/lapa\/wp-json\/wp\/v2\/posts"}],"about":[{"href":"https:\/\/www.ifbaiano.edu.br\/unidades\/lapa\/wp-json\/wp\/v2\/types\/post"}],"author":[{"embeddable":true,"href":"https:\/\/www.ifbaiano.edu.br\/unidades\/lapa\/wp-json\/wp\/v2\/users\/84"}],"replies":[{"embeddable":true,"href":"https:\/\/www.ifbaiano.edu.br\/unidades\/lapa\/wp-json\/wp\/v2\/comments?post=7786"}],"version-history":[{"count":3,"href":"https:\/\/www.ifbaiano.edu.br\/unidades\/lapa\/wp-json\/wp\/v2\/posts\/7786\/revisions"}],"predecessor-version":[{"id":7795,"href":"https:\/\/www.ifbaiano.edu.br\/unidades\/lapa\/wp-json\/wp\/v2\/posts\/7786\/revisions\/7795"}],"wp:attachment":[{"href":"https:\/\/www.ifbaiano.edu.br\/unidades\/lapa\/wp-json\/wp\/v2\/media?parent=7786"}],"wp:term":[{"taxonomy":"category","embeddable":true,"href":"https:\/\/www.ifbaiano.edu.br\/unidades\/lapa\/wp-json\/wp\/v2\/categories?post=7786"},{"taxonomy":"post_tag","embeddable":true,"href":"https:\/\/www.ifbaiano.edu.br\/unidades\/lapa\/wp-json\/wp\/v2\/tags?post=7786"}],"curies":[{"name":"wp","href":"https:\/\/api.w.org\/{rel}","templated":true}]}}