{"id":7846,"date":"2017-07-24T15:30:20","date_gmt":"2017-07-24T18:30:20","guid":{"rendered":"http:\/\/www.ifbaiano.edu.br\/unidades\/lapa\/?p=7846"},"modified":"2017-07-24T15:30:20","modified_gmt":"2017-07-24T18:30:20","slug":"publicada-chamada-interna-para-participacao-de-servidores-em-eventos-cientificos","status":"publish","type":"post","link":"https:\/\/www.ifbaiano.edu.br\/unidades\/lapa\/2017\/07\/24\/publicada-chamada-interna-para-participacao-de-servidores-em-eventos-cientificos\/","title":{"rendered":"Publicada Chamada Interna para participa\u00e7\u00e3o de servidores em eventos cient\u00edficos"},"content":{"rendered":"<p>O Diretor Geral do Instituto Federal de Educa\u00e7\u00e3o, Ci\u00eancia e Tecnologia Baiano \u2013 Campus Bom Jesus da Lapa, em conformidade com a Chamada Interna N\u00ba 01\/2017 PROPES\/PROEX\/PROEN\/DGP, torna p\u00fablica a presente Chamada que disponibiliza recurso or\u00e7ament\u00e1rio e estabelece normas e orienta\u00e7\u00f5es para participa\u00e7\u00e3o dos servidores do Campus Bom Jesus da Lapa no programa de incentivo \u00e0 capacita\u00e7\u00e3o dos servidores.<\/p>\n<ol>\n<li><strong> OBJETIVO<\/strong><\/li>\n<\/ol>\n<p>1.1 A Chamada tem por objetivo apoiar a participa\u00e7\u00e3o de servidores do IF Baiano \u2013 Campus Bom Jesus da Lapa em eventos t\u00e9cnico-cient\u00edficos com publica\u00e7\u00e3o de trabalhos produzidos no \u00e2mbito do Instituto.<\/p>\n<ol start=\"2\">\n<li><strong> NATUREZA<\/strong><\/li>\n<\/ol>\n<p>2.1. A Chamada de Apoio \u00e0 Participa\u00e7\u00e3o de Servidores em Eventos T\u00e9cnico-Cient\u00edficos de Trabalhos Publicados disponibilizar\u00e1 recursos na ordem de <strong>R$ 5.445,91<\/strong> (Cinco Mil, quatrocentos e quarenta e cinco reais e noventa e um centavos) para o Campus Bom da Lapa.<\/p>\n<p><a href=\"http:\/\/www.ifbaiano.edu.br\/unidades\/lapa\/files\/2017\/07\/chamada-eventos.pdf\">ACESSEM AQUI A CHAMADA E AS ORIENTA\u00c7\u00d5ES PARA INSCRI\u00c7\u00c3O<\/a><\/p>\n","protected":false},"excerpt":{"rendered":"<p>O Diretor Geral do Instituto Federal de Educa\u00e7\u00e3o, Ci\u00eancia e Tecnologia Baiano \u2013 Campus Bom Jesus da Lapa, em conformidade com a Chamada Interna N\u00ba 01\/2017 PROPES\/PROEX\/PROEN\/DGP, torna p\u00fablica a presente Chamada que disponibiliza recurso or\u00e7ament\u00e1rio e estabelece normas e orienta\u00e7\u00f5es para participa\u00e7\u00e3o dos servidores do Campus Bom Jesus da Lapa no programa de incentivo [&hellip;]<\/p>\n","protected":false},"author":36,"featured_media":0,"comment_status":"open","ping_status":"open","sticky":false,"template":"","format":"standard","meta":[],"categories":[64],"tags":[],"_links":{"self":[{"href":"https:\/\/www.ifbaiano.edu.br\/unidades\/lapa\/wp-json\/wp\/v2\/posts\/7846"}],"collection":[{"href":"https:\/\/www.ifbaiano.edu.br\/unidades\/lapa\/wp-json\/wp\/v2\/posts"}],"about":[{"href":"https:\/\/www.ifbaiano.edu.br\/unidades\/lapa\/wp-json\/wp\/v2\/types\/post"}],"author":[{"embeddable":true,"href":"https:\/\/www.ifbaiano.edu.br\/unidades\/lapa\/wp-json\/wp\/v2\/users\/36"}],"replies":[{"embeddable":true,"href":"https:\/\/www.ifbaiano.edu.br\/unidades\/lapa\/wp-json\/wp\/v2\/comments?post=7846"}],"version-history":[{"count":1,"href":"https:\/\/www.ifbaiano.edu.br\/unidades\/lapa\/wp-json\/wp\/v2\/posts\/7846\/revisions"}],"predecessor-version":[{"id":7848,"href":"https:\/\/www.ifbaiano.edu.br\/unidades\/lapa\/wp-json\/wp\/v2\/posts\/7846\/revisions\/7848"}],"wp:attachment":[{"href":"https:\/\/www.ifbaiano.edu.br\/unidades\/lapa\/wp-json\/wp\/v2\/media?parent=7846"}],"wp:term":[{"taxonomy":"category","embeddable":true,"href":"https:\/\/www.ifbaiano.edu.br\/unidades\/lapa\/wp-json\/wp\/v2\/categories?post=7846"},{"taxonomy":"post_tag","embeddable":true,"href":"https:\/\/www.ifbaiano.edu.br\/unidades\/lapa\/wp-json\/wp\/v2\/tags?post=7846"}],"curies":[{"name":"wp","href":"https:\/\/api.w.org\/{rel}","templated":true}]}}