{"id":786,"date":"2013-01-10T19:59:53","date_gmt":"2013-01-10T21:59:53","guid":{"rendered":"http:\/\/www.ifbaiano.edu.br\/unidades\/lapa\/?p=786"},"modified":"2013-01-18T00:16:09","modified_gmt":"2013-01-18T02:16:09","slug":"campus-bom-jesus-da-lapa-representado-no-comite-da-bacia-do-rio-corrente","status":"publish","type":"post","link":"https:\/\/www.ifbaiano.edu.br\/unidades\/lapa\/2013\/01\/10\/campus-bom-jesus-da-lapa-representado-no-comite-da-bacia-do-rio-corrente\/","title":{"rendered":"Campus Bom Jesus da Lapa representado no Comit\u00ea da Bacia do Rio Corrente"},"content":{"rendered":"<p>A sede do Comit\u00ea situa-se na cidade de Santa Maria da Vit\u00f3ria &#8211; BA.<\/p>\n<p><!--more--><\/p>\n<p>O\u00a0Comit\u00ea de Bacia Hidrogr\u00e1fica do Rio Corrente \u2013 CBHRC \u00e9 um \u00f3rg\u00e3o colegiado da gest\u00e3o de recursos h\u00eddricos, com atribui\u00e7\u00f5es de car\u00e1ter normativo, consultivo e deliberativo e integra o Sistema Estadual de Gerenciamento de Recursos H\u00eddricos. O mesmo foi criado pelo Decreto N\u00ba 11.244 de 17 de outubro de 2008, com \u00e1rea de atua\u00e7\u00e3o na respectiva bacia hidrogr\u00e1fica, nos termos da Resolu\u00e7\u00e3o CONERH n\u00ba 22, de 26 de setembro de 2007, que aprovou a proposta de institui\u00e7\u00e3o.<\/p>\n<p>O servidor Ludgero R\u00eago Barros Neto, que desde 2008 vem participando das atividades de forma\u00e7\u00e3o do comit\u00ea, foi indicado pela gest\u00e3o para participar da assembl\u00e9ia eleitoral no dia 28 de setembro de 2012, tendo sido eleito como representante do Instituto Federal de Educa\u00e7\u00e3o, Ci\u00eancia e Tecnologia Baiano \u2013 Campus Bom Jesus da Lapa, conforme Portaria n\u00b0 3790 de 19 de outubro de 2012, publicada no Di\u00e1rio Oficial do estado da Bahia.<\/p>\n<p>Os Membros do CBHRC, vem se reunido na sede do INEMA &#8211; Instituto do Meio Ambiente e Recursos H\u00eddricos, no Munic\u00edpio de Santa Maria da Vit\u00f3ria-BA, para discutir, planejar e encaminhar os trabalhos relativos a este comit\u00ea.<\/p>\n<p><a href=\"http:\/\/www.ifbaiano.edu.br\/unidades\/lapa\/files\/2013\/01\/essa.jpg\"><img decoding=\"async\" loading=\"lazy\" class=\"aligncenter size-medium wp-image-802\" src=\"http:\/\/www.ifbaiano.edu.br\/unidades\/lapa\/files\/2013\/01\/essa-300x224.jpg\" alt=\"\" width=\"300\" height=\"224\" srcset=\"https:\/\/www.ifbaiano.edu.br\/unidades\/lapa\/files\/2013\/01\/essa-300x225.jpg 300w, https:\/\/www.ifbaiano.edu.br\/unidades\/lapa\/files\/2013\/01\/essa-400x299.jpg 400w, https:\/\/www.ifbaiano.edu.br\/unidades\/lapa\/files\/2013\/01\/essa.jpg 667w\" sizes=\"(max-width: 300px) 100vw, 300px\" \/><\/a><\/p>\n<p><a href=\"http:\/\/www.ifbaiano.edu.br\/unidades\/lapa\/files\/2013\/01\/essa-2.jpg\"><img decoding=\"async\" loading=\"lazy\" class=\"aligncenter size-medium wp-image-803\" src=\"http:\/\/www.ifbaiano.edu.br\/unidades\/lapa\/files\/2013\/01\/essa-2-300x224.jpg\" alt=\"\" width=\"300\" height=\"224\" srcset=\"https:\/\/www.ifbaiano.edu.br\/unidades\/lapa\/files\/2013\/01\/essa-2-300x225.jpg 300w, https:\/\/www.ifbaiano.edu.br\/unidades\/lapa\/files\/2013\/01\/essa-2-400x299.jpg 400w, https:\/\/www.ifbaiano.edu.br\/unidades\/lapa\/files\/2013\/01\/essa-2.jpg 667w\" sizes=\"(max-width: 300px) 100vw, 300px\" \/><\/a><\/p>\n<p>&nbsp;<\/p>\n<p>&nbsp;<\/p>\n<p>&nbsp;<\/p>\n<p>&nbsp;<\/p>\n<p>&nbsp;<\/p>\n","protected":false},"excerpt":{"rendered":"<p>A sede do Comit\u00ea situa-se na cidade de Santa Maria da Vit\u00f3ria &#8211; BA.<\/p>\n","protected":false},"author":23,"featured_media":0,"comment_status":"open","ping_status":"open","sticky":false,"template":"","format":"standard","meta":[],"categories":[1],"tags":[],"_links":{"self":[{"href":"https:\/\/www.ifbaiano.edu.br\/unidades\/lapa\/wp-json\/wp\/v2\/posts\/786"}],"collection":[{"href":"https:\/\/www.ifbaiano.edu.br\/unidades\/lapa\/wp-json\/wp\/v2\/posts"}],"about":[{"href":"https:\/\/www.ifbaiano.edu.br\/unidades\/lapa\/wp-json\/wp\/v2\/types\/post"}],"author":[{"embeddable":true,"href":"https:\/\/www.ifbaiano.edu.br\/unidades\/lapa\/wp-json\/wp\/v2\/users\/23"}],"replies":[{"embeddable":true,"href":"https:\/\/www.ifbaiano.edu.br\/unidades\/lapa\/wp-json\/wp\/v2\/comments?post=786"}],"version-history":[{"count":5,"href":"https:\/\/www.ifbaiano.edu.br\/unidades\/lapa\/wp-json\/wp\/v2\/posts\/786\/revisions"}],"predecessor-version":[{"id":806,"href":"https:\/\/www.ifbaiano.edu.br\/unidades\/lapa\/wp-json\/wp\/v2\/posts\/786\/revisions\/806"}],"wp:attachment":[{"href":"https:\/\/www.ifbaiano.edu.br\/unidades\/lapa\/wp-json\/wp\/v2\/media?parent=786"}],"wp:term":[{"taxonomy":"category","embeddable":true,"href":"https:\/\/www.ifbaiano.edu.br\/unidades\/lapa\/wp-json\/wp\/v2\/categories?post=786"},{"taxonomy":"post_tag","embeddable":true,"href":"https:\/\/www.ifbaiano.edu.br\/unidades\/lapa\/wp-json\/wp\/v2\/tags?post=786"}],"curies":[{"name":"wp","href":"https:\/\/api.w.org\/{rel}","templated":true}]}}