{"id":7931,"date":"2017-07-28T08:47:48","date_gmt":"2017-07-28T11:47:48","guid":{"rendered":"http:\/\/www.ifbaiano.edu.br\/unidades\/lapa\/?p=7931"},"modified":"2017-08-07T09:22:52","modified_gmt":"2017-08-07T12:22:52","slug":"rematriculas-reintegracao-trancamento-mudanca-de-turno-2017-2","status":"publish","type":"post","link":"https:\/\/www.ifbaiano.edu.br\/unidades\/lapa\/2017\/07\/28\/rematriculas-reintegracao-trancamento-mudanca-de-turno-2017-2\/","title":{"rendered":"Rematr\u00edculas, Reintegra\u00e7\u00e3o, Trancamento, Mudan\u00e7a de Turno &#8211; 2017.2"},"content":{"rendered":"<div>O estudante dever\u00e1 comparecer \u00e0 Secretaria de Registros Acad\u00eamicos e protocolar o seu requerimentos conforme as datas abaixo estabelecidas. Requerimentos fora do prazo n\u00e3o ser\u00e3o protocolados.<\/div>\n<ul>\n<li><strong>Reintegra\u00e7\u00e3o ao Curso &#8211;<\/strong>\u00a024\/08 a 04\/08<\/li>\n<li><strong>Rematr\u00edculas turmas de Est\u00e1gio\/Pr\u00e1tica Profissional (Agricultura e Inform\u00e1tica Subsequente) &#8211;\u00a0<\/strong>27\/07 a 11\/08<\/li>\n<li><strong>In\u00edcio do per\u00edodo letivo 2017.2 &#8211;\u00a0<\/strong>31\/07<\/li>\n<li><strong>Mudan\u00e7a de turno &#8211;\u00a0<\/strong>08\/08 a 11\/08<\/li>\n<li><strong>Trancamento de matr\u00edcula &#8211;\u00a0<\/strong>14\/08 a 18\/08<\/li>\n<\/ul>\n<hr \/>\n<p>&nbsp;<\/p>\n","protected":false},"excerpt":{"rendered":"<p>O estudante dever\u00e1 comparecer \u00e0 Secretaria de Registros Acad\u00eamicos e protocolar o seu requerimentos conforme as datas abaixo estabelecidas. Requerimentos fora do prazo n\u00e3o ser\u00e3o protocolados. Reintegra\u00e7\u00e3o ao Curso &#8211;\u00a024\/08 a 04\/08 Rematr\u00edculas turmas de Est\u00e1gio\/Pr\u00e1tica Profissional (Agricultura e Inform\u00e1tica Subsequente) &#8211;\u00a027\/07 a 11\/08 In\u00edcio do per\u00edodo letivo 2017.2 &#8211;\u00a031\/07 Mudan\u00e7a de turno &#8211;\u00a008\/08 a [&hellip;]<\/p>\n","protected":false},"author":84,"featured_media":0,"comment_status":"open","ping_status":"open","sticky":false,"template":"","format":"standard","meta":[],"categories":[64,30,24,1,65],"tags":[],"_links":{"self":[{"href":"https:\/\/www.ifbaiano.edu.br\/unidades\/lapa\/wp-json\/wp\/v2\/posts\/7931"}],"collection":[{"href":"https:\/\/www.ifbaiano.edu.br\/unidades\/lapa\/wp-json\/wp\/v2\/posts"}],"about":[{"href":"https:\/\/www.ifbaiano.edu.br\/unidades\/lapa\/wp-json\/wp\/v2\/types\/post"}],"author":[{"embeddable":true,"href":"https:\/\/www.ifbaiano.edu.br\/unidades\/lapa\/wp-json\/wp\/v2\/users\/84"}],"replies":[{"embeddable":true,"href":"https:\/\/www.ifbaiano.edu.br\/unidades\/lapa\/wp-json\/wp\/v2\/comments?post=7931"}],"version-history":[{"count":2,"href":"https:\/\/www.ifbaiano.edu.br\/unidades\/lapa\/wp-json\/wp\/v2\/posts\/7931\/revisions"}],"predecessor-version":[{"id":7999,"href":"https:\/\/www.ifbaiano.edu.br\/unidades\/lapa\/wp-json\/wp\/v2\/posts\/7931\/revisions\/7999"}],"wp:attachment":[{"href":"https:\/\/www.ifbaiano.edu.br\/unidades\/lapa\/wp-json\/wp\/v2\/media?parent=7931"}],"wp:term":[{"taxonomy":"category","embeddable":true,"href":"https:\/\/www.ifbaiano.edu.br\/unidades\/lapa\/wp-json\/wp\/v2\/categories?post=7931"},{"taxonomy":"post_tag","embeddable":true,"href":"https:\/\/www.ifbaiano.edu.br\/unidades\/lapa\/wp-json\/wp\/v2\/tags?post=7931"}],"curies":[{"name":"wp","href":"https:\/\/api.w.org\/{rel}","templated":true}]}}