{"id":7934,"date":"2017-08-01T22:58:34","date_gmt":"2017-08-02T01:58:34","guid":{"rendered":"http:\/\/www.ifbaiano.edu.br\/unidades\/lapa\/?p=7934"},"modified":"2017-08-01T22:58:34","modified_gmt":"2017-08-02T01:58:34","slug":"abertas-inscricoes-para-o-encontro-de-arte-e-cultura-estudantil","status":"publish","type":"post","link":"https:\/\/www.ifbaiano.edu.br\/unidades\/lapa\/2017\/08\/01\/abertas-inscricoes-para-o-encontro-de-arte-e-cultura-estudantil\/","title":{"rendered":"Abertas Inscri\u00e7\u00f5es para o Encontro de Arte e Cultura Estudantil"},"content":{"rendered":"<div>Acontece no Campus Bom Jesus da Lapa, no pr\u00f3ximo dia 11 de agosto de 2017, o I Encontro de Arte e Cultura Estudantil, com o objetivo de promover a divulga\u00e7\u00e3o de talentos, a difus\u00e3o da arte e da cultura e a integra\u00e7\u00e3o entre os segmentos da comunidade acad\u00eamica.<\/div>\n<div>O evento est\u00e1 sendo organizado pelo Gr\u00eamio Estudantil, em parceria a Equipe Pedag\u00f3gica. Toda comunidade est\u00e1 sendo convidada a participar das atividades, mediante inscri\u00e7\u00f5es no per\u00edodo de 31\/07 a 03\/08. Ser\u00e3o realizadas apresenta\u00e7\u00f5es nas seguintes categorias: m\u00fasica, teatro, dan\u00e7a, poesia, fotografia e v\u00eddeo.<\/div>\n<div><\/div>\n<div><a href=\"https:\/\/docs.google.com\/forms\/d\/1PoKhwvusdRJOTnmz8IwiuCZEm-PNcJHWsVsInNjVWjY\/edit#\"><strong>Acesse aqui o sistema de inscri\u00e7\u00f5es<\/strong><\/a><\/div>\n<div><\/div>\n<div><\/div>\n<div><\/div>\n","protected":false},"excerpt":{"rendered":"<p>Acontece no Campus Bom Jesus da Lapa, no pr\u00f3ximo dia 11 de agosto de 2017, o I Encontro de Arte e Cultura Estudantil, com o objetivo de promover a divulga\u00e7\u00e3o de talentos, a difus\u00e3o da arte e da cultura e a integra\u00e7\u00e3o entre os segmentos da comunidade acad\u00eamica. O evento est\u00e1 sendo organizado pelo Gr\u00eamio [&hellip;]<\/p>\n","protected":false},"author":36,"featured_media":0,"comment_status":"open","ping_status":"open","sticky":false,"template":"","format":"standard","meta":[],"categories":[64],"tags":[],"_links":{"self":[{"href":"https:\/\/www.ifbaiano.edu.br\/unidades\/lapa\/wp-json\/wp\/v2\/posts\/7934"}],"collection":[{"href":"https:\/\/www.ifbaiano.edu.br\/unidades\/lapa\/wp-json\/wp\/v2\/posts"}],"about":[{"href":"https:\/\/www.ifbaiano.edu.br\/unidades\/lapa\/wp-json\/wp\/v2\/types\/post"}],"author":[{"embeddable":true,"href":"https:\/\/www.ifbaiano.edu.br\/unidades\/lapa\/wp-json\/wp\/v2\/users\/36"}],"replies":[{"embeddable":true,"href":"https:\/\/www.ifbaiano.edu.br\/unidades\/lapa\/wp-json\/wp\/v2\/comments?post=7934"}],"version-history":[{"count":1,"href":"https:\/\/www.ifbaiano.edu.br\/unidades\/lapa\/wp-json\/wp\/v2\/posts\/7934\/revisions"}],"predecessor-version":[{"id":7935,"href":"https:\/\/www.ifbaiano.edu.br\/unidades\/lapa\/wp-json\/wp\/v2\/posts\/7934\/revisions\/7935"}],"wp:attachment":[{"href":"https:\/\/www.ifbaiano.edu.br\/unidades\/lapa\/wp-json\/wp\/v2\/media?parent=7934"}],"wp:term":[{"taxonomy":"category","embeddable":true,"href":"https:\/\/www.ifbaiano.edu.br\/unidades\/lapa\/wp-json\/wp\/v2\/categories?post=7934"},{"taxonomy":"post_tag","embeddable":true,"href":"https:\/\/www.ifbaiano.edu.br\/unidades\/lapa\/wp-json\/wp\/v2\/tags?post=7934"}],"curies":[{"name":"wp","href":"https:\/\/api.w.org\/{rel}","templated":true}]}}