{"id":7970,"date":"2017-08-03T08:25:01","date_gmt":"2017-08-03T11:25:01","guid":{"rendered":"http:\/\/www.ifbaiano.edu.br\/unidades\/lapa\/?p=7970"},"modified":"2017-08-03T08:25:01","modified_gmt":"2017-08-03T11:25:01","slug":"abertas-inscricoes-para-o-encontro-de-arte-e-cultura-estudantil-2","status":"publish","type":"post","link":"https:\/\/www.ifbaiano.edu.br\/unidades\/lapa\/2017\/08\/03\/abertas-inscricoes-para-o-encontro-de-arte-e-cultura-estudantil-2\/","title":{"rendered":"Abertas Inscri\u00e7\u00f5es para o Encontro de Arte e Cultura Estudantil"},"content":{"rendered":"<p><img decoding=\"async\" loading=\"lazy\" class=\"size-full wp-image-7972 aligncenter\" src=\"http:\/\/www.ifbaiano.edu.br\/unidades\/lapa\/files\/2017\/08\/banner-campus-bom-jesus-da-lapa-informa-1.jpg\" alt=\"banner-campus-bom-jesus-da-lapa-informa\" width=\"787\" height=\"107\" \/><\/p>\n<p>Acontece no <em>Campus<\/em> Bom Jesus da Lapa, no pr\u00f3ximo dia 11 de agosto de 2017, o I Encontro de Arte e Cultura Estudantil, com o objetivo de promover a divulga\u00e7\u00e3o de talentos, a difus\u00e3o da arte e da cultura e a integra\u00e7\u00e3o entre os segmentos da comunidade acad\u00eamica.<\/p>\n<p>O evento est\u00e1 sendo organizado pelo Gr\u00eamio Estudantil, em parceria a Equipe Pedag\u00f3gica. Toda comunidade est\u00e1 sendo convidada a participar das atividades, mediante inscri\u00e7\u00f5es no per\u00edodo de 31\/07 a 03\/08. Ser\u00e3o realizadas apresenta\u00e7\u00f5es nas seguintes categorias: m\u00fasica, teatro, dan\u00e7a, poesia, fotografia e v\u00eddeo.<\/p>\n<p><strong>Acesse aqui o sistema de inscri\u00e7\u00f5es<\/strong><\/p>\n<p>link:\u00a0<span id=\"OBJ_PREFIX_DWT502_com_zimbra_url\" class=\"Object\"><span id=\"OBJ_PREFIX_DWT503_com_zimbra_url\" class=\"Object\"><a href=\"https:\/\/docs.google.com\/forms\/d\/1PoKhwvusdRJOTnmz8IwiuCZEm-PNcJHWsVsInNjVWjY\/edit#\" target=\"_blank\">https:\/\/docs.google.com\/forms\/d\/1PoKhwvusdRJOTnmz8IwiuCZEm-PNcJHWsVsInNjVWjY\/edit#<\/a><\/span><\/span><\/p>\n","protected":false},"excerpt":{"rendered":"<p>Acontece no Campus Bom Jesus da Lapa, no pr\u00f3ximo dia 11 de agosto de 2017, o I Encontro de Arte e Cultura Estudantil, com o objetivo de promover a divulga\u00e7\u00e3o de talentos, a difus\u00e3o da arte e da cultura e a integra\u00e7\u00e3o entre os segmentos da comunidade acad\u00eamica. O evento est\u00e1 sendo organizado pelo Gr\u00eamio [&hellip;]<\/p>\n","protected":false},"author":84,"featured_media":0,"comment_status":"open","ping_status":"open","sticky":false,"template":"","format":"standard","meta":[],"categories":[64,39,30,24,1,65],"tags":[],"_links":{"self":[{"href":"https:\/\/www.ifbaiano.edu.br\/unidades\/lapa\/wp-json\/wp\/v2\/posts\/7970"}],"collection":[{"href":"https:\/\/www.ifbaiano.edu.br\/unidades\/lapa\/wp-json\/wp\/v2\/posts"}],"about":[{"href":"https:\/\/www.ifbaiano.edu.br\/unidades\/lapa\/wp-json\/wp\/v2\/types\/post"}],"author":[{"embeddable":true,"href":"https:\/\/www.ifbaiano.edu.br\/unidades\/lapa\/wp-json\/wp\/v2\/users\/84"}],"replies":[{"embeddable":true,"href":"https:\/\/www.ifbaiano.edu.br\/unidades\/lapa\/wp-json\/wp\/v2\/comments?post=7970"}],"version-history":[{"count":6,"href":"https:\/\/www.ifbaiano.edu.br\/unidades\/lapa\/wp-json\/wp\/v2\/posts\/7970\/revisions"}],"predecessor-version":[{"id":7977,"href":"https:\/\/www.ifbaiano.edu.br\/unidades\/lapa\/wp-json\/wp\/v2\/posts\/7970\/revisions\/7977"}],"wp:attachment":[{"href":"https:\/\/www.ifbaiano.edu.br\/unidades\/lapa\/wp-json\/wp\/v2\/media?parent=7970"}],"wp:term":[{"taxonomy":"category","embeddable":true,"href":"https:\/\/www.ifbaiano.edu.br\/unidades\/lapa\/wp-json\/wp\/v2\/categories?post=7970"},{"taxonomy":"post_tag","embeddable":true,"href":"https:\/\/www.ifbaiano.edu.br\/unidades\/lapa\/wp-json\/wp\/v2\/tags?post=7970"}],"curies":[{"name":"wp","href":"https:\/\/api.w.org\/{rel}","templated":true}]}}