{"id":798,"date":"2013-01-17T23:53:26","date_gmt":"2013-01-18T01:53:26","guid":{"rendered":"http:\/\/www.ifbaiano.edu.br\/unidades\/lapa\/?p=798"},"modified":"2013-01-17T23:57:19","modified_gmt":"2013-01-18T01:57:19","slug":"aprovado-regimento-geral-do-if-baiano","status":"publish","type":"post","link":"https:\/\/www.ifbaiano.edu.br\/unidades\/lapa\/2013\/01\/17\/aprovado-regimento-geral-do-if-baiano\/","title":{"rendered":"Aprovado Regimento Geral do IF Baiano"},"content":{"rendered":"<p>A aprova\u00e7\u00e3o se deu atrav\u00e9s da Resolu\u00e7\u00e3o CONSU\u00a019, de 14\/12\/2012.<\/p>\n<p><!--more--><\/p>\n<p>Em reuni\u00e3o realizada no dia 14 de dezembro de 2012, o Conselho Superior aprovou o Regimento Geral do Instituto Federal de Em reuni\u00e3o realizada no dia 14 de dezembro de 2012, o Conselho Superior aprovou o Regimento Geral do Instituto Federal de Educa\u00e7\u00e3o, Ci\u00eancia e Tecnologia do Baiano (IF Baiano), atrav\u00e9s da Resolu\u00e7\u00e3o n\u00ba 19, de 14\/12\/2012, objeto do Processo n\u00ba 23327.02955\/2012-50. O regimento disciplina a organiza\u00e7\u00e3o, as compet\u00eancias e o funcionamento das inst\u00e2ncias deliberativas, consultivas, administrativas e acad\u00eamicas do IF Baiano, fixando padr\u00f5es normativos, sob os quais as regulamenta\u00e7\u00f5es espec\u00edficas ser\u00e3o subordinadas.<\/p>\n<p>&nbsp;<\/p>\n<p>Acesse <a href=\"http:\/\/www.ifbaiano.edu.br\/reitoria\/wp-content\/uploads\/2013\/01\/Regimento-Geral.pdf\">aqui<\/a> o regimento.<\/p>\n<p>&nbsp;<\/p>\n<p>&nbsp;<\/p>\n","protected":false},"excerpt":{"rendered":"<p>A aprova\u00e7\u00e3o se deu atrav\u00e9s da Resolu\u00e7\u00e3o CONSU\u00a019, de 14\/12\/2012.<\/p>\n","protected":false},"author":23,"featured_media":0,"comment_status":"open","ping_status":"open","sticky":false,"template":"","format":"standard","meta":[],"categories":[1],"tags":[],"_links":{"self":[{"href":"https:\/\/www.ifbaiano.edu.br\/unidades\/lapa\/wp-json\/wp\/v2\/posts\/798"}],"collection":[{"href":"https:\/\/www.ifbaiano.edu.br\/unidades\/lapa\/wp-json\/wp\/v2\/posts"}],"about":[{"href":"https:\/\/www.ifbaiano.edu.br\/unidades\/lapa\/wp-json\/wp\/v2\/types\/post"}],"author":[{"embeddable":true,"href":"https:\/\/www.ifbaiano.edu.br\/unidades\/lapa\/wp-json\/wp\/v2\/users\/23"}],"replies":[{"embeddable":true,"href":"https:\/\/www.ifbaiano.edu.br\/unidades\/lapa\/wp-json\/wp\/v2\/comments?post=798"}],"version-history":[{"count":3,"href":"https:\/\/www.ifbaiano.edu.br\/unidades\/lapa\/wp-json\/wp\/v2\/posts\/798\/revisions"}],"predecessor-version":[{"id":800,"href":"https:\/\/www.ifbaiano.edu.br\/unidades\/lapa\/wp-json\/wp\/v2\/posts\/798\/revisions\/800"}],"wp:attachment":[{"href":"https:\/\/www.ifbaiano.edu.br\/unidades\/lapa\/wp-json\/wp\/v2\/media?parent=798"}],"wp:term":[{"taxonomy":"category","embeddable":true,"href":"https:\/\/www.ifbaiano.edu.br\/unidades\/lapa\/wp-json\/wp\/v2\/categories?post=798"},{"taxonomy":"post_tag","embeddable":true,"href":"https:\/\/www.ifbaiano.edu.br\/unidades\/lapa\/wp-json\/wp\/v2\/tags?post=798"}],"curies":[{"name":"wp","href":"https:\/\/api.w.org\/{rel}","templated":true}]}}