{"id":8000,"date":"2017-08-07T09:29:53","date_gmt":"2017-08-07T12:29:53","guid":{"rendered":"http:\/\/www.ifbaiano.edu.br\/unidades\/lapa\/?p=8000"},"modified":"2017-08-07T09:29:53","modified_gmt":"2017-08-07T12:29:53","slug":"retificacao-01-a-chamada-interna-012017","status":"publish","type":"post","link":"https:\/\/www.ifbaiano.edu.br\/unidades\/lapa\/2017\/08\/07\/retificacao-01-a-chamada-interna-012017\/","title":{"rendered":"Retifica\u00e7\u00e3o 01 \u00e0 Chamada Interna 01\/2017"},"content":{"rendered":"<p><strong>O Instituto Federal de Educa\u00e7\u00e3o, Ci\u00eancia e Tecnologia Baiano \u2013 Campus Bom Jesus da Lapa, em conformidade com a Chamada Interna N\u00ba 01\/2017 PROPES\/PROEX\/PROEN\/DGP, torna p\u00fablica a presente retifica\u00e7\u00e3o da Chamada Interna 01\/2017 &#8211; que disponibiliza recurso or\u00e7ament\u00e1rio e estabelece normas e orienta\u00e7\u00f5es para participa\u00e7\u00e3o dos servidores do Campus Bom Jesus da Lapa no programa de incentivo \u00e0 capacita\u00e7\u00e3o dos servidores.<\/strong><\/p>\n<p>Clique aqui:\u00a0<a href=\"http:\/\/www.ifbaiano.edu.br\/unidades\/lapa\/files\/2017\/08\/Retifica\u00e7\u00e3o-do-cronograma-01_2017.pdf\">Cronograma<\/a><\/p>\n","protected":false},"excerpt":{"rendered":"<p>O Instituto Federal de Educa\u00e7\u00e3o, Ci\u00eancia e Tecnologia Baiano \u2013 Campus Bom Jesus da Lapa, em conformidade com a Chamada Interna N\u00ba 01\/2017 PROPES\/PROEX\/PROEN\/DGP, torna p\u00fablica a presente retifica\u00e7\u00e3o da Chamada Interna 01\/2017 &#8211; que disponibiliza recurso or\u00e7ament\u00e1rio e estabelece normas e orienta\u00e7\u00f5es para participa\u00e7\u00e3o dos servidores do Campus Bom Jesus da Lapa no programa [&hellip;]<\/p>\n","protected":false},"author":84,"featured_media":0,"comment_status":"open","ping_status":"open","sticky":false,"template":"","format":"standard","meta":[],"categories":[36,34,64,39,24,40,65],"tags":[],"_links":{"self":[{"href":"https:\/\/www.ifbaiano.edu.br\/unidades\/lapa\/wp-json\/wp\/v2\/posts\/8000"}],"collection":[{"href":"https:\/\/www.ifbaiano.edu.br\/unidades\/lapa\/wp-json\/wp\/v2\/posts"}],"about":[{"href":"https:\/\/www.ifbaiano.edu.br\/unidades\/lapa\/wp-json\/wp\/v2\/types\/post"}],"author":[{"embeddable":true,"href":"https:\/\/www.ifbaiano.edu.br\/unidades\/lapa\/wp-json\/wp\/v2\/users\/84"}],"replies":[{"embeddable":true,"href":"https:\/\/www.ifbaiano.edu.br\/unidades\/lapa\/wp-json\/wp\/v2\/comments?post=8000"}],"version-history":[{"count":3,"href":"https:\/\/www.ifbaiano.edu.br\/unidades\/lapa\/wp-json\/wp\/v2\/posts\/8000\/revisions"}],"predecessor-version":[{"id":8004,"href":"https:\/\/www.ifbaiano.edu.br\/unidades\/lapa\/wp-json\/wp\/v2\/posts\/8000\/revisions\/8004"}],"wp:attachment":[{"href":"https:\/\/www.ifbaiano.edu.br\/unidades\/lapa\/wp-json\/wp\/v2\/media?parent=8000"}],"wp:term":[{"taxonomy":"category","embeddable":true,"href":"https:\/\/www.ifbaiano.edu.br\/unidades\/lapa\/wp-json\/wp\/v2\/categories?post=8000"},{"taxonomy":"post_tag","embeddable":true,"href":"https:\/\/www.ifbaiano.edu.br\/unidades\/lapa\/wp-json\/wp\/v2\/tags?post=8000"}],"curies":[{"name":"wp","href":"https:\/\/api.w.org\/{rel}","templated":true}]}}