{"id":8016,"date":"2017-08-09T15:48:21","date_gmt":"2017-08-09T18:48:21","guid":{"rendered":"http:\/\/www.ifbaiano.edu.br\/unidades\/lapa\/?p=8016"},"modified":"2017-08-09T16:00:39","modified_gmt":"2017-08-09T19:00:39","slug":"chamada-publica-pnae-no-032017","status":"publish","type":"post","link":"https:\/\/www.ifbaiano.edu.br\/unidades\/lapa\/2017\/08\/09\/chamada-publica-pnae-no-032017\/","title":{"rendered":"Chamada P\u00fablica para Aquisi\u00e7\u00e3o de G\u00eaneros Aliment\u00edcios PNAE n\u00ba 03\/2017"},"content":{"rendered":"<p><a href=\"http:\/\/www.ifbaiano.edu.br\/unidades\/lapa\/files\/2017\/06\/imagem-anexa-ao-texto.jpg\"><img decoding=\"async\" loading=\"lazy\" class=\"wp-image-7758 aligncenter\" src=\"http:\/\/www.ifbaiano.edu.br\/unidades\/lapa\/files\/2017\/06\/imagem-anexa-ao-texto.jpg\" alt=\"imagem anexa ao texto\" width=\"359\" height=\"306\" \/><\/a><\/p>\n<p class=\"western\" style=\"text-align: justify\">O Instituto Federal Baiano \u2013 <em>Campus B<\/em>om Jesus da Lapa torna p\u00fablico, para conhecimento dos interessados, que realizar\u00e1 a Chamada P\u00fablica n\u00ba 03\/2017. Objeto: Aquisi\u00e7\u00e3o de g\u00eaneros aliment\u00edcios da agricultura familiar para atendimento ao Programa Nacional de Alimenta\u00e7\u00e3o Escolar \u2013 PNAE, conforme as pe\u00e7as t\u00e9cnicas constantes no Instrumento Convocat\u00f3rio e seus anexos, partes integrantes desta Chamada P\u00fablica. O Edital encontra-se dispon\u00edvel na sede do \u00a0Campus e no s\u00edtio\u00a0 <u>http:\/\/www.ifbaiano.edu.br\/unidades\/lapa\/<\/u>. Sess\u00e3o de abertura: <b>06\/09\/2017, \u00e0s 09h, Hor\u00e1rio Local, na sede do <\/b><span style=\"color: #171717\"><b>Instituto Federal Baiano \u2013 <\/b><\/span><span style=\"color: #171717\"><i><b>Campus <\/b><\/i><\/span><span style=\"color: #171717\"><b>Bom Jesus da Lapa<\/b><\/span><span style=\"color: #171717\">, localizado na BR 349, Km 14, Rodovia Bom Jesus da Lapa X Santa Maria da Vit\u00f3ria \u2013<\/span> <span style=\"color: #171717\">Bahia<\/span>.<\/p>\n<p class=\"western\"><a href=\"http:\/\/www.ifbaiano.edu.br\/unidades\/lapa\/files\/2017\/08\/Edital-Chamada-P\u00fablica-03-2017.pdf\">Edital Chamada P\u00fablica 03\/2017<\/a><\/p>\n<p class=\"western\"><a href=\"http:\/\/www.ifbaiano.edu.br\/unidades\/lapa\/files\/2017\/08\/Anexo-I-ESPECIFICA\u00c7\u00d5ES.odt\">Anexo I &#8211; ESPECIFICA\u00c7\u00d5ES<\/a><\/p>\n<p class=\"western\"><a href=\"http:\/\/www.ifbaiano.edu.br\/unidades\/lapa\/files\/2017\/08\/Anexo-II-Projeto-de-Venda.odt\">Anexo II &#8211; Projeto de Venda<\/a><\/p>\n<p class=\"western\"><a href=\"http:\/\/www.ifbaiano.edu.br\/unidades\/lapa\/files\/2017\/08\/Anexo-III-Declaracao-de-Origem-dos-Produtos.odt\">Anexo III &#8211; Declara\u00e7\u00e3o de Origem dos Produtos<\/a><\/p>\n<hr \/>\n<p class=\"western\">\n","protected":false},"excerpt":{"rendered":"<p>O Instituto Federal Baiano \u2013 Campus Bom Jesus da Lapa torna p\u00fablico, para conhecimento dos interessados, que realizar\u00e1 a Chamada P\u00fablica n\u00ba 03\/2017. Objeto: Aquisi\u00e7\u00e3o de g\u00eaneros aliment\u00edcios da agricultura familiar para atendimento ao Programa Nacional de Alimenta\u00e7\u00e3o Escolar \u2013 PNAE, conforme as pe\u00e7as t\u00e9cnicas constantes no Instrumento Convocat\u00f3rio e seus anexos, partes integrantes desta [&hellip;]<\/p>\n","protected":false},"author":84,"featured_media":0,"comment_status":"open","ping_status":"open","sticky":false,"template":"","format":"standard","meta":[],"categories":[64,24,1,65],"tags":[],"_links":{"self":[{"href":"https:\/\/www.ifbaiano.edu.br\/unidades\/lapa\/wp-json\/wp\/v2\/posts\/8016"}],"collection":[{"href":"https:\/\/www.ifbaiano.edu.br\/unidades\/lapa\/wp-json\/wp\/v2\/posts"}],"about":[{"href":"https:\/\/www.ifbaiano.edu.br\/unidades\/lapa\/wp-json\/wp\/v2\/types\/post"}],"author":[{"embeddable":true,"href":"https:\/\/www.ifbaiano.edu.br\/unidades\/lapa\/wp-json\/wp\/v2\/users\/84"}],"replies":[{"embeddable":true,"href":"https:\/\/www.ifbaiano.edu.br\/unidades\/lapa\/wp-json\/wp\/v2\/comments?post=8016"}],"version-history":[{"count":16,"href":"https:\/\/www.ifbaiano.edu.br\/unidades\/lapa\/wp-json\/wp\/v2\/posts\/8016\/revisions"}],"predecessor-version":[{"id":8037,"href":"https:\/\/www.ifbaiano.edu.br\/unidades\/lapa\/wp-json\/wp\/v2\/posts\/8016\/revisions\/8037"}],"wp:attachment":[{"href":"https:\/\/www.ifbaiano.edu.br\/unidades\/lapa\/wp-json\/wp\/v2\/media?parent=8016"}],"wp:term":[{"taxonomy":"category","embeddable":true,"href":"https:\/\/www.ifbaiano.edu.br\/unidades\/lapa\/wp-json\/wp\/v2\/categories?post=8016"},{"taxonomy":"post_tag","embeddable":true,"href":"https:\/\/www.ifbaiano.edu.br\/unidades\/lapa\/wp-json\/wp\/v2\/tags?post=8016"}],"curies":[{"name":"wp","href":"https:\/\/api.w.org\/{rel}","templated":true}]}}