{"id":807,"date":"2013-01-19T14:10:09","date_gmt":"2013-01-19T16:10:09","guid":{"rendered":"http:\/\/www.ifbaiano.edu.br\/unidades\/lapa\/?p=807"},"modified":"2013-01-19T19:43:06","modified_gmt":"2013-01-19T21:43:06","slug":"criado-grupo-de-pesquisa-sobre-politicas-publicas-e-estudos-territoriais-e-rurais","status":"publish","type":"post","link":"https:\/\/www.ifbaiano.edu.br\/unidades\/lapa\/2013\/01\/19\/criado-grupo-de-pesquisa-sobre-politicas-publicas-e-estudos-territoriais-e-rurais\/","title":{"rendered":"Criado grupo de pesquisa sobre Pol\u00edticas P\u00fablicas e Estudos Territoriais e Rurais"},"content":{"rendered":"<p>O grupo est\u00e1 organizado em 3 linhas de pesquisa.<\/p>\n<p><!--more--><\/p>\n<p>Com o objetivo de centrar seus estudos e pesquisas em torno dos eixos tem\u00e1ticos Pol\u00edticas P\u00fablicas, Territ\u00f3rio e Desenvolvimento, professores do Campus articularam na proposta do <strong>\u201cLaborat\u00f3rio de Pol\u00edticas P\u00fablicas, Ruralidades e Desenvolvimento Territorial\u201d <\/strong>uma perspectiva multidimensional e relacional dos estudos territoriais, com foco especial \u00e0s quest\u00f5es rurais.<\/p>\n<p>Organizado em tr\u00eas linhas de pesquisas, busca-se discutir os seguintes temas: Educa\u00e7\u00e3o do Campo, Ensino Agr\u00edcola, Identidade, (I)mobilidade, Reforma Agr\u00e1ria, Pol\u00edticas P\u00fablicas, Rela\u00e7\u00f5es de trabalho, Economia Solid\u00e1ria e Tecnologias Sociais.<\/p>\n<p>De modo geral, o laborat\u00f3rio busca contribuir com as comunidades locais e o territ\u00f3rio de identidade do Velho Chico no que tange ao entendimento da rela\u00e7\u00e3o das quest\u00f5es sociais, econ\u00f4micas, educacionais e tecnol\u00f3gicas, al\u00e9m de procurar promover estrat\u00e9gias de interven\u00e7\u00f5es locais, a partir do di\u00e1logo com as comunidades, no \u00e2mbito dos pressupostos da tecnologia social.<\/p>\n<p>Para maiores informa\u00e7\u00f5es, acessar:<\/p>\n<p><a href=\"http:\/\/www.lapprudes.com\/?utm_source=copy&amp;utm_medium=paste&amp;utm_campaign=copypaste&amp;utm_content=http%3A%2F%2Fwww.lapprudes.com%2F\">http:\/\/www.lapprudes.com\/<\/a><br \/>\n<a href=\"http:\/\/dgp.cnpq.br\/buscaoperacional\/detalhegrupo.jsp?grupo=IW9W7029HQKT1A\" target=\"_blank\">http:\/\/dgp.cnpq.br\/buscaoperacional\/detalhegrupo.jsp?grupo=IW9W7029HQKT1A<\/a><\/p>\n","protected":false},"excerpt":{"rendered":"<p>O grupo est\u00e1 organizado em 3 linhas de pesquisa.<\/p>\n","protected":false},"author":23,"featured_media":0,"comment_status":"open","ping_status":"open","sticky":false,"template":"","format":"standard","meta":[],"categories":[40],"tags":[],"_links":{"self":[{"href":"https:\/\/www.ifbaiano.edu.br\/unidades\/lapa\/wp-json\/wp\/v2\/posts\/807"}],"collection":[{"href":"https:\/\/www.ifbaiano.edu.br\/unidades\/lapa\/wp-json\/wp\/v2\/posts"}],"about":[{"href":"https:\/\/www.ifbaiano.edu.br\/unidades\/lapa\/wp-json\/wp\/v2\/types\/post"}],"author":[{"embeddable":true,"href":"https:\/\/www.ifbaiano.edu.br\/unidades\/lapa\/wp-json\/wp\/v2\/users\/23"}],"replies":[{"embeddable":true,"href":"https:\/\/www.ifbaiano.edu.br\/unidades\/lapa\/wp-json\/wp\/v2\/comments?post=807"}],"version-history":[{"count":5,"href":"https:\/\/www.ifbaiano.edu.br\/unidades\/lapa\/wp-json\/wp\/v2\/posts\/807\/revisions"}],"predecessor-version":[{"id":809,"href":"https:\/\/www.ifbaiano.edu.br\/unidades\/lapa\/wp-json\/wp\/v2\/posts\/807\/revisions\/809"}],"wp:attachment":[{"href":"https:\/\/www.ifbaiano.edu.br\/unidades\/lapa\/wp-json\/wp\/v2\/media?parent=807"}],"wp:term":[{"taxonomy":"category","embeddable":true,"href":"https:\/\/www.ifbaiano.edu.br\/unidades\/lapa\/wp-json\/wp\/v2\/categories?post=807"},{"taxonomy":"post_tag","embeddable":true,"href":"https:\/\/www.ifbaiano.edu.br\/unidades\/lapa\/wp-json\/wp\/v2\/tags?post=807"}],"curies":[{"name":"wp","href":"https:\/\/api.w.org\/{rel}","templated":true}]}}