{"id":8070,"date":"2017-08-10T11:16:47","date_gmt":"2017-08-10T14:16:47","guid":{"rendered":"http:\/\/www.ifbaiano.edu.br\/unidades\/lapa\/?p=8070"},"modified":"2017-08-14T15:04:51","modified_gmt":"2017-08-14T18:04:51","slug":"aberto-processo-seletivo-para-ingresso-de-estudantes-em-2017-2","status":"publish","type":"post","link":"https:\/\/www.ifbaiano.edu.br\/unidades\/lapa\/2017\/08\/10\/aberto-processo-seletivo-para-ingresso-de-estudantes-em-2017-2\/","title":{"rendered":"Aberto Processo Seletivo para Ingresso de Estudantes em 2017.2"},"content":{"rendered":"<div style=\"text-align: justify\"><a href=\"http:\/\/www.ifbaiano.edu.br\/unidades\/lapa\/files\/2017\/08\/banner-campus-bom-jesus-da-lapa-informa-1.jpg\"><img decoding=\"async\" loading=\"lazy\" class=\"aligncenter size-full wp-image-7972\" src=\"http:\/\/www.ifbaiano.edu.br\/unidades\/lapa\/files\/2017\/08\/banner-campus-bom-jesus-da-lapa-informa-1.jpg\" alt=\"banner-campus-bom-jesus-da-lapa-informa\" width=\"787\" height=\"107\" \/><\/a><\/div>\n<div style=\"text-align: justify\">O Reitor do Instituto Federal de Educa\u00e7\u00e3o, Ci\u00eancia e Tecnologia Baiano \u2013 IF Baiano, no uso de suas atribui\u00e7\u00f5es legais, torna p\u00fablica a abertura de inscri\u00e7\u00f5es do processo para ingresso de estudantes em 2017.2 , nos cursos de Gradua\u00e7\u00e3o, para os Campus Bom Jesus da Lapa e Santa In\u00eas, em conformidade com a Lei N\u00b0. 9.394, de 20 de dezembro de 1996.<\/div>\n<div style=\"text-align: justify\"><\/div>\n<div><strong>Per\u00edodo de inscri\u00e7\u00f5es<\/strong>: 10 a 18 de agosto de 2017.<\/div>\n<div><strong>Site<\/strong>:\u00a0<a href=\"http:\/\/prosel.ifbaiano.edu.br\">prosel.ifbaiano.edu.br<\/a><\/div>\n<div><\/div>\n<div>Acesse aqui:\u00a0<a href=\"http:\/\/www.ifbaiano.edu.br\/unidades\/lapa\/files\/2017\/08\/Edital_ProSel_Eng_agronomica_20172.pdf\">Edital<\/a><\/div>\n<div><\/div>\n<div><\/div>\n","protected":false},"excerpt":{"rendered":"<p>O Reitor do Instituto Federal de Educa\u00e7\u00e3o, Ci\u00eancia e Tecnologia Baiano \u2013 IF Baiano, no uso de suas atribui\u00e7\u00f5es legais, torna p\u00fablica a abertura de inscri\u00e7\u00f5es do processo para ingresso de estudantes em 2017.2 , nos cursos de Gradua\u00e7\u00e3o, para os Campus Bom Jesus da Lapa e Santa In\u00eas, em conformidade com a Lei N\u00b0. [&hellip;]<\/p>\n","protected":false},"author":84,"featured_media":0,"comment_status":"open","ping_status":"open","sticky":false,"template":"","format":"standard","meta":[],"categories":[36,34,64,24,65],"tags":[],"_links":{"self":[{"href":"https:\/\/www.ifbaiano.edu.br\/unidades\/lapa\/wp-json\/wp\/v2\/posts\/8070"}],"collection":[{"href":"https:\/\/www.ifbaiano.edu.br\/unidades\/lapa\/wp-json\/wp\/v2\/posts"}],"about":[{"href":"https:\/\/www.ifbaiano.edu.br\/unidades\/lapa\/wp-json\/wp\/v2\/types\/post"}],"author":[{"embeddable":true,"href":"https:\/\/www.ifbaiano.edu.br\/unidades\/lapa\/wp-json\/wp\/v2\/users\/84"}],"replies":[{"embeddable":true,"href":"https:\/\/www.ifbaiano.edu.br\/unidades\/lapa\/wp-json\/wp\/v2\/comments?post=8070"}],"version-history":[{"count":9,"href":"https:\/\/www.ifbaiano.edu.br\/unidades\/lapa\/wp-json\/wp\/v2\/posts\/8070\/revisions"}],"predecessor-version":[{"id":8100,"href":"https:\/\/www.ifbaiano.edu.br\/unidades\/lapa\/wp-json\/wp\/v2\/posts\/8070\/revisions\/8100"}],"wp:attachment":[{"href":"https:\/\/www.ifbaiano.edu.br\/unidades\/lapa\/wp-json\/wp\/v2\/media?parent=8070"}],"wp:term":[{"taxonomy":"category","embeddable":true,"href":"https:\/\/www.ifbaiano.edu.br\/unidades\/lapa\/wp-json\/wp\/v2\/categories?post=8070"},{"taxonomy":"post_tag","embeddable":true,"href":"https:\/\/www.ifbaiano.edu.br\/unidades\/lapa\/wp-json\/wp\/v2\/tags?post=8070"}],"curies":[{"name":"wp","href":"https:\/\/api.w.org\/{rel}","templated":true}]}}