{"id":8109,"date":"2017-08-16T14:59:55","date_gmt":"2017-08-16T17:59:55","guid":{"rendered":"http:\/\/www.ifbaiano.edu.br\/unidades\/lapa\/?p=8109"},"modified":"2017-08-16T14:59:55","modified_gmt":"2017-08-16T17:59:55","slug":"2a-chamada-a-lista-de-espera-para-preenchimento-de-vagas-pelo-sisu-engenharia-agronomica","status":"publish","type":"post","link":"https:\/\/www.ifbaiano.edu.br\/unidades\/lapa\/2017\/08\/16\/2a-chamada-a-lista-de-espera-para-preenchimento-de-vagas-pelo-sisu-engenharia-agronomica\/","title":{"rendered":"2\u00aa \u00a0Chamada a Lista de Espera, para Preenchimento de Vagas pelo SiSU, Engenharia Agron\u00f4mica."},"content":{"rendered":"<div>Data da reuni\u00e3o: 17\/08\/17 &#8211; \u00a0Hor\u00e1rio \u00e0s 09:00 &#8211; Local: Audit\u00f3rio do Campus<\/div>\n<div>Matr\u00edculas: 17 e 18\/08\/17 &#8211; Hor\u00e1rios: 08h \u00e0s 11 h; 14h \u00e0s 17h.<\/div>\n<div><\/div>\n<div><a href=\"http:\/\/www.ifbaiano.edu.br\/unidades\/lapa\/files\/2017\/08\/Sisu.png\"><img decoding=\"async\" loading=\"lazy\" class=\"aligncenter size-full wp-image-8110\" src=\"http:\/\/www.ifbaiano.edu.br\/unidades\/lapa\/files\/2017\/08\/Sisu.png\" alt=\"Sisu\" width=\"859\" height=\"594\" \/><\/a><\/div>\n","protected":false},"excerpt":{"rendered":"<p>Data da reuni\u00e3o: 17\/08\/17 &#8211; \u00a0Hor\u00e1rio \u00e0s 09:00 &#8211; Local: Audit\u00f3rio do Campus Matr\u00edculas: 17 e 18\/08\/17 &#8211; Hor\u00e1rios: 08h \u00e0s 11 h; 14h \u00e0s 17h.<\/p>\n","protected":false},"author":84,"featured_media":0,"comment_status":"open","ping_status":"open","sticky":false,"template":"","format":"standard","meta":[],"categories":[74,64,24,73,65],"tags":[],"_links":{"self":[{"href":"https:\/\/www.ifbaiano.edu.br\/unidades\/lapa\/wp-json\/wp\/v2\/posts\/8109"}],"collection":[{"href":"https:\/\/www.ifbaiano.edu.br\/unidades\/lapa\/wp-json\/wp\/v2\/posts"}],"about":[{"href":"https:\/\/www.ifbaiano.edu.br\/unidades\/lapa\/wp-json\/wp\/v2\/types\/post"}],"author":[{"embeddable":true,"href":"https:\/\/www.ifbaiano.edu.br\/unidades\/lapa\/wp-json\/wp\/v2\/users\/84"}],"replies":[{"embeddable":true,"href":"https:\/\/www.ifbaiano.edu.br\/unidades\/lapa\/wp-json\/wp\/v2\/comments?post=8109"}],"version-history":[{"count":1,"href":"https:\/\/www.ifbaiano.edu.br\/unidades\/lapa\/wp-json\/wp\/v2\/posts\/8109\/revisions"}],"predecessor-version":[{"id":8111,"href":"https:\/\/www.ifbaiano.edu.br\/unidades\/lapa\/wp-json\/wp\/v2\/posts\/8109\/revisions\/8111"}],"wp:attachment":[{"href":"https:\/\/www.ifbaiano.edu.br\/unidades\/lapa\/wp-json\/wp\/v2\/media?parent=8109"}],"wp:term":[{"taxonomy":"category","embeddable":true,"href":"https:\/\/www.ifbaiano.edu.br\/unidades\/lapa\/wp-json\/wp\/v2\/categories?post=8109"},{"taxonomy":"post_tag","embeddable":true,"href":"https:\/\/www.ifbaiano.edu.br\/unidades\/lapa\/wp-json\/wp\/v2\/tags?post=8109"}],"curies":[{"name":"wp","href":"https:\/\/api.w.org\/{rel}","templated":true}]}}