{"id":811,"date":"2013-01-19T16:39:10","date_gmt":"2013-01-19T18:39:10","guid":{"rendered":"http:\/\/www.ifbaiano.edu.br\/unidades\/lapa\/?p=811"},"modified":"2013-01-19T16:39:10","modified_gmt":"2013-01-19T18:39:10","slug":"if-baiano-abre-processo-seletivo-para-cursos-tecnicos-a-distancia-em-13-cidades","status":"publish","type":"post","link":"https:\/\/www.ifbaiano.edu.br\/unidades\/lapa\/2013\/01\/19\/if-baiano-abre-processo-seletivo-para-cursos-tecnicos-a-distancia-em-13-cidades\/","title":{"rendered":"IF Baiano abre Processo Seletivo para cursos t\u00e9cnicos a dist\u00e2ncia em 13 cidades"},"content":{"rendered":"<p>Inscri\u00e7\u00f5es come\u00e7am 28 de janeiro.<\/p>\n<p><!--more--><\/p>\n<p>No dia 28 de janeiro de 2013 come\u00e7am as inscri\u00e7\u00f5es do Processo Seletivo para os cursos t\u00e9cnicos a dist\u00e2ncia na modalidade subsequente (curso para quem j\u00e1 concluiu o ensino m\u00e9dio) do IF Baiano. As inscri\u00e7\u00f5es ser\u00e3o realizadas, gratuitamente,\u00a0<strong>at\u00e9 o dia 17 de fevereiro de 2013<\/strong>, atrav\u00e9s da p\u00e1gina\u00a0<a href=\"http:\/\/concursos.ifbaiano.edu.br\/\" target=\"_blank\">concursos.ifbaiano.edu.br\/<\/a>. S\u00e3o 760 vagas nos cursos t\u00e9cnicos de Transa\u00e7\u00f5es Imobili\u00e1rias; Agente Comunit\u00e1rio de Sa\u00fade e Hospedagem.<\/p>\n<p>O Processo Seletivo ser\u00e1 realizado atrav\u00e9s da avalia\u00e7\u00e3o curricular do Ensino M\u00e9dio nas disciplinas de L\u00edngua Portuguesa e Matem\u00e1tica. Os estudantes aprovados come\u00e7am as aulas no primeiro semestre deste ano; 13 cidades sediam os cursos a dist\u00e2ncia: Campo\u00a0Formoso, Guanambi, Ibipitanga, Jaguarari, Miguel Calmon, Mucuri, Mundo Novo, Nazar\u00e9, Remanso, Santa In\u00eas, Santa Teresinha, Senhor do Bonfim e Valen\u00e7a.<\/p>\n<p>Todos os cursos ser\u00e3o realizados no Sistema Presencial Virtual, devendo o candidato ter disponibilidade de dia e hor\u00e1rio para a aula presencial, al\u00e9m de disponibilidade de tempo para acompanhamento e realiza\u00e7\u00e3o de atividades no Ambiente Virtual de Aprendizagem \u2013 AVA. \u00a0As aulas presenciais ocorrer\u00e3o, uma vez por semana, sempre no turno noturno, das 19h \u00e0s 22h40.<\/p>\n<p>Acesse <a href=\"http:\/\/www.ifbaiano.edu.br\/reitoria\/wp-content\/uploads\/2013\/01\/EDITAL-n-005-definitivo.pdf\">aqui<\/a> o Edital<\/p>\n<p>&nbsp;<\/p>\n","protected":false},"excerpt":{"rendered":"<p>Inscri\u00e7\u00f5es come\u00e7am 28 de janeiro.<\/p>\n","protected":false},"author":23,"featured_media":0,"comment_status":"open","ping_status":"open","sticky":false,"template":"","format":"standard","meta":[],"categories":[34],"tags":[],"_links":{"self":[{"href":"https:\/\/www.ifbaiano.edu.br\/unidades\/lapa\/wp-json\/wp\/v2\/posts\/811"}],"collection":[{"href":"https:\/\/www.ifbaiano.edu.br\/unidades\/lapa\/wp-json\/wp\/v2\/posts"}],"about":[{"href":"https:\/\/www.ifbaiano.edu.br\/unidades\/lapa\/wp-json\/wp\/v2\/types\/post"}],"author":[{"embeddable":true,"href":"https:\/\/www.ifbaiano.edu.br\/unidades\/lapa\/wp-json\/wp\/v2\/users\/23"}],"replies":[{"embeddable":true,"href":"https:\/\/www.ifbaiano.edu.br\/unidades\/lapa\/wp-json\/wp\/v2\/comments?post=811"}],"version-history":[{"count":2,"href":"https:\/\/www.ifbaiano.edu.br\/unidades\/lapa\/wp-json\/wp\/v2\/posts\/811\/revisions"}],"predecessor-version":[{"id":813,"href":"https:\/\/www.ifbaiano.edu.br\/unidades\/lapa\/wp-json\/wp\/v2\/posts\/811\/revisions\/813"}],"wp:attachment":[{"href":"https:\/\/www.ifbaiano.edu.br\/unidades\/lapa\/wp-json\/wp\/v2\/media?parent=811"}],"wp:term":[{"taxonomy":"category","embeddable":true,"href":"https:\/\/www.ifbaiano.edu.br\/unidades\/lapa\/wp-json\/wp\/v2\/categories?post=811"},{"taxonomy":"post_tag","embeddable":true,"href":"https:\/\/www.ifbaiano.edu.br\/unidades\/lapa\/wp-json\/wp\/v2\/tags?post=811"}],"curies":[{"name":"wp","href":"https:\/\/api.w.org\/{rel}","templated":true}]}}