{"id":8114,"date":"2017-08-17T16:22:39","date_gmt":"2017-08-17T19:22:39","guid":{"rendered":"http:\/\/www.ifbaiano.edu.br\/unidades\/lapa\/?p=8114"},"modified":"2017-08-24T16:32:24","modified_gmt":"2017-08-24T19:32:24","slug":"parecer-sobre-requerimentos-discentes-publicacao-no-172017","status":"publish","type":"post","link":"https:\/\/www.ifbaiano.edu.br\/unidades\/lapa\/2017\/08\/17\/parecer-sobre-requerimentos-discentes-publicacao-no-172017\/","title":{"rendered":"Parecer Sobre Requerimentos Discentes Publica\u00e7\u00e3o n\u00ba 17\/2017"},"content":{"rendered":"<p><a href=\"http:\/\/www.ifbaiano.edu.br\/unidades\/lapa\/files\/2017\/08\/banner-campus-bom-jesus-da-lapa-informa-1.jpg\"><img decoding=\"async\" loading=\"lazy\" class=\"aligncenter size-full wp-image-7972\" src=\"http:\/\/www.ifbaiano.edu.br\/unidades\/lapa\/files\/2017\/08\/banner-campus-bom-jesus-da-lapa-informa-1.jpg\" alt=\"banner-campus-bom-jesus-da-lapa-informa\" width=\"787\" height=\"107\" \/><\/a><\/p>\n<p>O Diretor Acad\u00eamico do IF Baiano &#8211; Campus Bom Jesus da Lapa, no uso de suas atribui\u00e7\u00f5es, torna p\u00fablico o Parecer dos requerimentos entregues \u00e0 Secretaria de Registros Acad\u00eamicos<\/p>\n<p>&nbsp;<\/p>\n<p>Clique aqui para ler o\u00a0<a href=\"http:\/\/www.ifbaiano.edu.br\/unidades\/lapa\/files\/2017\/08\/PARECER-17-de-17-de-agosto-de-2017.pdf\">Parecer<\/a><\/p>\n","protected":false},"excerpt":{"rendered":"<p>O Diretor Acad\u00eamico do IF Baiano &#8211; Campus Bom Jesus da Lapa, no uso de suas atribui\u00e7\u00f5es, torna p\u00fablico o Parecer dos requerimentos entregues \u00e0 Secretaria de Registros Acad\u00eamicos &nbsp; Clique aqui para ler o\u00a0Parecer<\/p>\n","protected":false},"author":84,"featured_media":0,"comment_status":"open","ping_status":"open","sticky":false,"template":"","format":"standard","meta":[],"categories":[64,24],"tags":[],"_links":{"self":[{"href":"https:\/\/www.ifbaiano.edu.br\/unidades\/lapa\/wp-json\/wp\/v2\/posts\/8114"}],"collection":[{"href":"https:\/\/www.ifbaiano.edu.br\/unidades\/lapa\/wp-json\/wp\/v2\/posts"}],"about":[{"href":"https:\/\/www.ifbaiano.edu.br\/unidades\/lapa\/wp-json\/wp\/v2\/types\/post"}],"author":[{"embeddable":true,"href":"https:\/\/www.ifbaiano.edu.br\/unidades\/lapa\/wp-json\/wp\/v2\/users\/84"}],"replies":[{"embeddable":true,"href":"https:\/\/www.ifbaiano.edu.br\/unidades\/lapa\/wp-json\/wp\/v2\/comments?post=8114"}],"version-history":[{"count":1,"href":"https:\/\/www.ifbaiano.edu.br\/unidades\/lapa\/wp-json\/wp\/v2\/posts\/8114\/revisions"}],"predecessor-version":[{"id":8116,"href":"https:\/\/www.ifbaiano.edu.br\/unidades\/lapa\/wp-json\/wp\/v2\/posts\/8114\/revisions\/8116"}],"wp:attachment":[{"href":"https:\/\/www.ifbaiano.edu.br\/unidades\/lapa\/wp-json\/wp\/v2\/media?parent=8114"}],"wp:term":[{"taxonomy":"category","embeddable":true,"href":"https:\/\/www.ifbaiano.edu.br\/unidades\/lapa\/wp-json\/wp\/v2\/categories?post=8114"},{"taxonomy":"post_tag","embeddable":true,"href":"https:\/\/www.ifbaiano.edu.br\/unidades\/lapa\/wp-json\/wp\/v2\/tags?post=8114"}],"curies":[{"name":"wp","href":"https:\/\/api.w.org\/{rel}","templated":true}]}}