{"id":8148,"date":"2017-08-25T10:34:14","date_gmt":"2017-08-25T13:34:14","guid":{"rendered":"http:\/\/www.ifbaiano.edu.br\/unidades\/lapa\/?p=8148"},"modified":"2017-08-25T10:37:01","modified_gmt":"2017-08-25T13:37:01","slug":"parecer-sobre-requerimentos-discentes-publicacao-no-182017","status":"publish","type":"post","link":"https:\/\/www.ifbaiano.edu.br\/unidades\/lapa\/2017\/08\/25\/parecer-sobre-requerimentos-discentes-publicacao-no-182017\/","title":{"rendered":"Parecer Sobre Requerimentos Discentes Publica\u00e7\u00e3o n\u00ba 18\/2017"},"content":{"rendered":"<p><a href=\"http:\/\/www.ifbaiano.edu.br\/unidades\/lapa\/files\/2017\/08\/banner-campus-bom-jesus-da-lapa-informa-1.jpg\"><img decoding=\"async\" loading=\"lazy\" class=\"aligncenter size-full wp-image-7972\" src=\"http:\/\/www.ifbaiano.edu.br\/unidades\/lapa\/files\/2017\/08\/banner-campus-bom-jesus-da-lapa-informa-1.jpg\" alt=\"banner-campus-bom-jesus-da-lapa-informa\" width=\"787\" height=\"107\" \/><\/a><\/p>\n<p>&nbsp;<\/p>\n<p>O Diretor Acad\u00eamico do IF Baiano &#8211; Campus Bom Jesus da Lapa, no uso de suas atribui\u00e7\u00f5es, torna p\u00fablico o Parecer dos requerimentos entregues \u00e0 Secretaria de Registros Acad\u00eamicos.<\/p>\n<p>Clique para ler:\u00a0<a href=\"http:\/\/www.ifbaiano.edu.br\/unidades\/lapa\/files\/2017\/08\/PARECER-18-de-25-de-agosto-de-2017.pdf\" target=\"_blank\">PARECER 18 de 25 de agosto de 2017<\/a><\/p>\n<p>&nbsp;<\/p>\n","protected":false},"excerpt":{"rendered":"<p>&nbsp; O Diretor Acad\u00eamico do IF Baiano &#8211; Campus Bom Jesus da Lapa, no uso de suas atribui\u00e7\u00f5es, torna p\u00fablico o Parecer dos requerimentos entregues \u00e0 Secretaria de Registros Acad\u00eamicos. Clique para ler:\u00a0PARECER 18 de 25 de agosto de 2017 &nbsp;<\/p>\n","protected":false},"author":84,"featured_media":0,"comment_status":"open","ping_status":"open","sticky":false,"template":"","format":"standard","meta":[],"categories":[64,24,65],"tags":[],"_links":{"self":[{"href":"https:\/\/www.ifbaiano.edu.br\/unidades\/lapa\/wp-json\/wp\/v2\/posts\/8148"}],"collection":[{"href":"https:\/\/www.ifbaiano.edu.br\/unidades\/lapa\/wp-json\/wp\/v2\/posts"}],"about":[{"href":"https:\/\/www.ifbaiano.edu.br\/unidades\/lapa\/wp-json\/wp\/v2\/types\/post"}],"author":[{"embeddable":true,"href":"https:\/\/www.ifbaiano.edu.br\/unidades\/lapa\/wp-json\/wp\/v2\/users\/84"}],"replies":[{"embeddable":true,"href":"https:\/\/www.ifbaiano.edu.br\/unidades\/lapa\/wp-json\/wp\/v2\/comments?post=8148"}],"version-history":[{"count":2,"href":"https:\/\/www.ifbaiano.edu.br\/unidades\/lapa\/wp-json\/wp\/v2\/posts\/8148\/revisions"}],"predecessor-version":[{"id":8151,"href":"https:\/\/www.ifbaiano.edu.br\/unidades\/lapa\/wp-json\/wp\/v2\/posts\/8148\/revisions\/8151"}],"wp:attachment":[{"href":"https:\/\/www.ifbaiano.edu.br\/unidades\/lapa\/wp-json\/wp\/v2\/media?parent=8148"}],"wp:term":[{"taxonomy":"category","embeddable":true,"href":"https:\/\/www.ifbaiano.edu.br\/unidades\/lapa\/wp-json\/wp\/v2\/categories?post=8148"},{"taxonomy":"post_tag","embeddable":true,"href":"https:\/\/www.ifbaiano.edu.br\/unidades\/lapa\/wp-json\/wp\/v2\/tags?post=8148"}],"curies":[{"name":"wp","href":"https:\/\/api.w.org\/{rel}","templated":true}]}}