{"id":8231,"date":"2017-09-05T15:49:16","date_gmt":"2017-09-05T18:49:16","guid":{"rendered":"http:\/\/www.ifbaiano.edu.br\/unidades\/lapa\/?p=8231"},"modified":"2017-09-05T16:28:07","modified_gmt":"2017-09-05T19:28:07","slug":"parecer-sobre-requerimentos-discentes-192017","status":"publish","type":"post","link":"https:\/\/www.ifbaiano.edu.br\/unidades\/lapa\/2017\/09\/05\/parecer-sobre-requerimentos-discentes-192017\/","title":{"rendered":"Parecer Sobre Requerimentos Discentes Publica\u00e7\u00e3o n\u00ba 19\/2017"},"content":{"rendered":"<p><a href=\"http:\/\/www.ifbaiano.edu.br\/unidades\/lapa\/files\/2017\/08\/banner-campus-bom-jesus-da-lapa-informa-1.jpg\"><img decoding=\"async\" loading=\"lazy\" class=\"aligncenter size-full wp-image-7972\" src=\"http:\/\/www.ifbaiano.edu.br\/unidades\/lapa\/files\/2017\/08\/banner-campus-bom-jesus-da-lapa-informa-1.jpg\" alt=\"banner-campus-bom-jesus-da-lapa-informa\" width=\"787\" height=\"107\" \/><\/a><\/p>\n<p>&nbsp;<\/p>\n<p><strong>O Diretor Acad\u00eamico do IF Baiano &#8211; Campus Bom Jesus da Lapa, no uso de suas atribui\u00e7\u00f5es, torna p\u00fablico o Parecer dos requerimentos entregues \u00e0 Secretaria de Registros Acad\u00eamicos<\/strong><\/p>\n<p><strong>Para ler o parecer clique\u00a0<a href=\"http:\/\/www.ifbaiano.edu.br\/unidades\/lapa\/files\/2012\/09\/PARECER-19-de-05-de-setembro-de-2017.pdf\" target=\"_blank\">AQUI<\/a><\/strong><\/p>\n<hr \/>\n<p>&nbsp;<\/p>\n","protected":false},"excerpt":{"rendered":"<p>&nbsp; O Diretor Acad\u00eamico do IF Baiano &#8211; Campus Bom Jesus da Lapa, no uso de suas atribui\u00e7\u00f5es, torna p\u00fablico o Parecer dos requerimentos entregues \u00e0 Secretaria de Registros Acad\u00eamicos Para ler o parecer clique\u00a0AQUI &nbsp;<\/p>\n","protected":false},"author":84,"featured_media":0,"comment_status":"open","ping_status":"open","sticky":false,"template":"","format":"standard","meta":[],"categories":[64,39,24,65],"tags":[],"_links":{"self":[{"href":"https:\/\/www.ifbaiano.edu.br\/unidades\/lapa\/wp-json\/wp\/v2\/posts\/8231"}],"collection":[{"href":"https:\/\/www.ifbaiano.edu.br\/unidades\/lapa\/wp-json\/wp\/v2\/posts"}],"about":[{"href":"https:\/\/www.ifbaiano.edu.br\/unidades\/lapa\/wp-json\/wp\/v2\/types\/post"}],"author":[{"embeddable":true,"href":"https:\/\/www.ifbaiano.edu.br\/unidades\/lapa\/wp-json\/wp\/v2\/users\/84"}],"replies":[{"embeddable":true,"href":"https:\/\/www.ifbaiano.edu.br\/unidades\/lapa\/wp-json\/wp\/v2\/comments?post=8231"}],"version-history":[{"count":6,"href":"https:\/\/www.ifbaiano.edu.br\/unidades\/lapa\/wp-json\/wp\/v2\/posts\/8231\/revisions"}],"predecessor-version":[{"id":8260,"href":"https:\/\/www.ifbaiano.edu.br\/unidades\/lapa\/wp-json\/wp\/v2\/posts\/8231\/revisions\/8260"}],"wp:attachment":[{"href":"https:\/\/www.ifbaiano.edu.br\/unidades\/lapa\/wp-json\/wp\/v2\/media?parent=8231"}],"wp:term":[{"taxonomy":"category","embeddable":true,"href":"https:\/\/www.ifbaiano.edu.br\/unidades\/lapa\/wp-json\/wp\/v2\/categories?post=8231"},{"taxonomy":"post_tag","embeddable":true,"href":"https:\/\/www.ifbaiano.edu.br\/unidades\/lapa\/wp-json\/wp\/v2\/tags?post=8231"}],"curies":[{"name":"wp","href":"https:\/\/api.w.org\/{rel}","templated":true}]}}