{"id":8266,"date":"2017-09-05T19:03:06","date_gmt":"2017-09-05T22:03:06","guid":{"rendered":"http:\/\/www.ifbaiano.edu.br\/unidades\/lapa\/?p=8266"},"modified":"2017-09-05T19:18:10","modified_gmt":"2017-09-05T22:18:10","slug":"campus-bom-jesus-da-lapa-realiza-seminario-de-pos-graduacao","status":"publish","type":"post","link":"https:\/\/www.ifbaiano.edu.br\/unidades\/lapa\/2017\/09\/05\/campus-bom-jesus-da-lapa-realiza-seminario-de-pos-graduacao\/","title":{"rendered":"Campus Bom Jesus da Lapa realiza semin\u00e1rio de P\u00f3s-Gradua\u00e7\u00e3o"},"content":{"rendered":"<p style=\"text-align: justify\">O Campus Bom Jesus da Lapa convida a comunidade acad\u00eamica, pesquisadores e estudantes em geral para participar do Semin\u00e1rio de P\u00f3s-Gradua\u00e7\u00e3o, a realizar-se nos dias 08 e 09 de setembro, conforme\u00a0 <a href=\"http:\/\/www.ifbaiano.edu.br\/unidades\/lapa\/files\/2017\/09\/Folder-evento-pesquisa.pdf\">programa\u00e7\u00e3o oficial.<\/a><\/p>\n<p style=\"text-align: justify\">O Semin\u00e1rio <strong>Metodologias participativas e forma\u00e7\u00e3o de professores: experi\u00eancias constru\u00eddas<\/strong> <strong>pelo IF Baiano \u2013 Campus Bom Jesus da Lapa<\/strong> representa uma importante estrat\u00e9gia de integraliza\u00e7\u00e3o curricular entre os cursos de especializa\u00e7\u00e3o em Educa\u00e7\u00e3o do Campo e Educa\u00e7\u00e3o Matem\u00e1tica, atualmente ofertados pela institui\u00e7\u00e3o. Realiz\u00e1-lo concretiza o anseio da comunidade acad\u00eamica dos cursos, a fim de que sejam fomentadas importantes discuss\u00f5es acerca de tem\u00e1ticas relacionadas ao fazer cient\u00edfico e profissional dos envolvidos, bem como oportunizar articula\u00e7\u00e3o com outros atores institucionais.<\/p>\n<p style=\"text-align: justify\">Os interessados em participar das atividades dever\u00e3o se inscrever exclusivamente atrav\u00e9s do seguinte link: <a href=\"https:\/\/docs.google.com\/forms\/d\/e\/1FAIpQLSdlvVgYLazXtqvgHKqy26ygqZm4be3hHshGaP9no0u5cvFD7A\/viewform\">ACESSE AQUI PARA SE INSCREVER<\/a>.<\/p>\n<p style=\"text-align: justify\"><strong>Fonte:<\/strong> Comiss\u00e3o Organizadora<\/p>\n","protected":false},"excerpt":{"rendered":"<p>O Campus Bom Jesus da Lapa convida a comunidade acad\u00eamica, pesquisadores e estudantes em geral para participar do Semin\u00e1rio de P\u00f3s-Gradua\u00e7\u00e3o, a realizar-se nos dias 08 e 09 de setembro, conforme\u00a0 programa\u00e7\u00e3o oficial. O Semin\u00e1rio Metodologias participativas e forma\u00e7\u00e3o de professores: experi\u00eancias constru\u00eddas pelo IF Baiano \u2013 Campus Bom Jesus da Lapa representa uma importante [&hellip;]<\/p>\n","protected":false},"author":36,"featured_media":0,"comment_status":"open","ping_status":"open","sticky":false,"template":"","format":"standard","meta":[],"categories":[64],"tags":[],"_links":{"self":[{"href":"https:\/\/www.ifbaiano.edu.br\/unidades\/lapa\/wp-json\/wp\/v2\/posts\/8266"}],"collection":[{"href":"https:\/\/www.ifbaiano.edu.br\/unidades\/lapa\/wp-json\/wp\/v2\/posts"}],"about":[{"href":"https:\/\/www.ifbaiano.edu.br\/unidades\/lapa\/wp-json\/wp\/v2\/types\/post"}],"author":[{"embeddable":true,"href":"https:\/\/www.ifbaiano.edu.br\/unidades\/lapa\/wp-json\/wp\/v2\/users\/36"}],"replies":[{"embeddable":true,"href":"https:\/\/www.ifbaiano.edu.br\/unidades\/lapa\/wp-json\/wp\/v2\/comments?post=8266"}],"version-history":[{"count":5,"href":"https:\/\/www.ifbaiano.edu.br\/unidades\/lapa\/wp-json\/wp\/v2\/posts\/8266\/revisions"}],"predecessor-version":[{"id":8272,"href":"https:\/\/www.ifbaiano.edu.br\/unidades\/lapa\/wp-json\/wp\/v2\/posts\/8266\/revisions\/8272"}],"wp:attachment":[{"href":"https:\/\/www.ifbaiano.edu.br\/unidades\/lapa\/wp-json\/wp\/v2\/media?parent=8266"}],"wp:term":[{"taxonomy":"category","embeddable":true,"href":"https:\/\/www.ifbaiano.edu.br\/unidades\/lapa\/wp-json\/wp\/v2\/categories?post=8266"},{"taxonomy":"post_tag","embeddable":true,"href":"https:\/\/www.ifbaiano.edu.br\/unidades\/lapa\/wp-json\/wp\/v2\/tags?post=8266"}],"curies":[{"name":"wp","href":"https:\/\/api.w.org\/{rel}","templated":true}]}}