{"id":8273,"date":"2017-09-06T15:35:33","date_gmt":"2017-09-06T18:35:33","guid":{"rendered":"http:\/\/www.ifbaiano.edu.br\/unidades\/lapa\/?p=8273"},"modified":"2017-09-06T16:12:01","modified_gmt":"2017-09-06T19:12:01","slug":"edital-de-matricula-072017-engenharia-agronomica","status":"publish","type":"post","link":"https:\/\/www.ifbaiano.edu.br\/unidades\/lapa\/2017\/09\/06\/edital-de-matricula-072017-engenharia-agronomica\/","title":{"rendered":"Edital de Matr\u00edcula 07\/2017 &#8211; Engenharia Agron\u00f4mica"},"content":{"rendered":"<hr \/>\n<p><a href=\"http:\/\/www.ifbaiano.edu.br\/unidades\/lapa\/files\/2017\/08\/banner-campus-bom-jesus-da-lapa-informa-1.jpg\"><img decoding=\"async\" loading=\"lazy\" class=\"aligncenter size-full wp-image-7972\" src=\"http:\/\/www.ifbaiano.edu.br\/unidades\/lapa\/files\/2017\/08\/banner-campus-bom-jesus-da-lapa-informa-1.jpg\" alt=\"banner-campus-bom-jesus-da-lapa-informa\" width=\"787\" height=\"107\" \/><\/a><\/p>\n<p>&nbsp;<\/p>\n<p style=\"text-align: justify\">O Diretor Geral do Instituto Federal de Educa\u00e7\u00e3o Ci\u00eancia e Tecnologia Baiano \u2013 Campus Bom Jesus da Lapa, no uso de suas atribui\u00e7\u00f5es legais, conforme lhe confere a Portaria N\u00ba 333 de 18\/03\/2014, DOU de 19\/03\/2014 e, em observ\u00e2ncia ao Edital n\u00b0 103, de 08 de agosto de 2017, referente ao <strong>PROCESSO SELETIVO PARA INGRESSO DE ESTUDANTES 2017.2, para o Curso Bacharelado em Engenharia Agron\u00f4mica<\/strong>, torna p\u00fablico o per\u00edodo e normas de Matr\u00edcula.<\/p>\n<p>&nbsp;<\/p>\n<p>Para acessar o edital clique\u00a0<strong><a href=\"http:\/\/www.ifbaiano.edu.br\/unidades\/lapa\/files\/2017\/09\/EDITAL-07-2017-MATR\u00cdCULA-2017.2-Engenharia-Agron\u00f4mica.pdf\" target=\"_blank\">AQUI<\/a><\/strong><\/p>\n<hr \/>\n<p>&nbsp;<\/p>\n","protected":false},"excerpt":{"rendered":"<p>&nbsp; O Diretor Geral do Instituto Federal de Educa\u00e7\u00e3o Ci\u00eancia e Tecnologia Baiano \u2013 Campus Bom Jesus da Lapa, no uso de suas atribui\u00e7\u00f5es legais, conforme lhe confere a Portaria N\u00ba 333 de 18\/03\/2014, DOU de 19\/03\/2014 e, em observ\u00e2ncia ao Edital n\u00b0 103, de 08 de agosto de 2017, referente ao PROCESSO SELETIVO PARA [&hellip;]<\/p>\n","protected":false},"author":84,"featured_media":0,"comment_status":"open","ping_status":"open","sticky":false,"template":"","format":"standard","meta":[],"categories":[74,34,64,24,73,65],"tags":[],"_links":{"self":[{"href":"https:\/\/www.ifbaiano.edu.br\/unidades\/lapa\/wp-json\/wp\/v2\/posts\/8273"}],"collection":[{"href":"https:\/\/www.ifbaiano.edu.br\/unidades\/lapa\/wp-json\/wp\/v2\/posts"}],"about":[{"href":"https:\/\/www.ifbaiano.edu.br\/unidades\/lapa\/wp-json\/wp\/v2\/types\/post"}],"author":[{"embeddable":true,"href":"https:\/\/www.ifbaiano.edu.br\/unidades\/lapa\/wp-json\/wp\/v2\/users\/84"}],"replies":[{"embeddable":true,"href":"https:\/\/www.ifbaiano.edu.br\/unidades\/lapa\/wp-json\/wp\/v2\/comments?post=8273"}],"version-history":[{"count":2,"href":"https:\/\/www.ifbaiano.edu.br\/unidades\/lapa\/wp-json\/wp\/v2\/posts\/8273\/revisions"}],"predecessor-version":[{"id":8276,"href":"https:\/\/www.ifbaiano.edu.br\/unidades\/lapa\/wp-json\/wp\/v2\/posts\/8273\/revisions\/8276"}],"wp:attachment":[{"href":"https:\/\/www.ifbaiano.edu.br\/unidades\/lapa\/wp-json\/wp\/v2\/media?parent=8273"}],"wp:term":[{"taxonomy":"category","embeddable":true,"href":"https:\/\/www.ifbaiano.edu.br\/unidades\/lapa\/wp-json\/wp\/v2\/categories?post=8273"},{"taxonomy":"post_tag","embeddable":true,"href":"https:\/\/www.ifbaiano.edu.br\/unidades\/lapa\/wp-json\/wp\/v2\/tags?post=8273"}],"curies":[{"name":"wp","href":"https:\/\/api.w.org\/{rel}","templated":true}]}}