{"id":8371,"date":"2017-09-19T11:00:31","date_gmt":"2017-09-19T14:00:31","guid":{"rendered":"http:\/\/www.ifbaiano.edu.br\/unidades\/lapa\/?p=8371"},"modified":"2017-09-19T11:00:31","modified_gmt":"2017-09-19T14:00:31","slug":"i-encontro-interterritorial-de-pesquisa-e-extensao-voltadas-para-a-agricultura-familiar-e-o-desenvolvimento-rural-sustentavel","status":"publish","type":"post","link":"https:\/\/www.ifbaiano.edu.br\/unidades\/lapa\/2017\/09\/19\/i-encontro-interterritorial-de-pesquisa-e-extensao-voltadas-para-a-agricultura-familiar-e-o-desenvolvimento-rural-sustentavel\/","title":{"rendered":"I Encontro Interterritorial de Pesquisa e Extens\u00e3o, voltadas para a Agricultura Familiar e o Desenvolvimento Rural Sustent\u00e1vel"},"content":{"rendered":"<p>IF Baiano <em>Campus<\/em> Bom Jesus da Lapa realiza I Encontro Interterritorial de Pesquisa e Extens\u00e3o, voltadas para a Agricultura Familiar e o Desenvolvimento Rural Sustent\u00e1vel, que acontecer\u00e1 nos dias 20 e 21 de setembro, das 9h \u00e0s 17h.\u00a0 Local: Audit\u00f3rio do IF Baiano &#8211;\u00a0<em>Campus<\/em>\u00a0Bom Jesus da Lapa.<\/p>\n<p><a href=\"http:\/\/www.ifbaiano.edu.br\/unidades\/lapa\/files\/2017\/09\/Convite_Encontro_Interterritorial.jpeg\"><img decoding=\"async\" loading=\"lazy\" class=\"aligncenter size-full wp-image-8372\" src=\"http:\/\/www.ifbaiano.edu.br\/unidades\/lapa\/files\/2017\/09\/Convite_Encontro_Interterritorial.jpeg\" alt=\"Convite_Encontro_Interterritorial\" width=\"720\" height=\"716\" \/><\/a><\/p>\n","protected":false},"excerpt":{"rendered":"<p>IF Baiano Campus Bom Jesus da Lapa realiza I Encontro Interterritorial de Pesquisa e Extens\u00e3o, voltadas para a Agricultura Familiar e o Desenvolvimento Rural Sustent\u00e1vel, que acontecer\u00e1 nos dias 20 e 21 de setembro, das 9h \u00e0s 17h.\u00a0 Local: Audit\u00f3rio do IF Baiano &#8211;\u00a0Campus\u00a0Bom Jesus da Lapa.<\/p>\n","protected":false},"author":84,"featured_media":0,"comment_status":"open","ping_status":"open","sticky":false,"template":"","format":"standard","meta":[],"categories":[64,24,65],"tags":[],"_links":{"self":[{"href":"https:\/\/www.ifbaiano.edu.br\/unidades\/lapa\/wp-json\/wp\/v2\/posts\/8371"}],"collection":[{"href":"https:\/\/www.ifbaiano.edu.br\/unidades\/lapa\/wp-json\/wp\/v2\/posts"}],"about":[{"href":"https:\/\/www.ifbaiano.edu.br\/unidades\/lapa\/wp-json\/wp\/v2\/types\/post"}],"author":[{"embeddable":true,"href":"https:\/\/www.ifbaiano.edu.br\/unidades\/lapa\/wp-json\/wp\/v2\/users\/84"}],"replies":[{"embeddable":true,"href":"https:\/\/www.ifbaiano.edu.br\/unidades\/lapa\/wp-json\/wp\/v2\/comments?post=8371"}],"version-history":[{"count":1,"href":"https:\/\/www.ifbaiano.edu.br\/unidades\/lapa\/wp-json\/wp\/v2\/posts\/8371\/revisions"}],"predecessor-version":[{"id":8373,"href":"https:\/\/www.ifbaiano.edu.br\/unidades\/lapa\/wp-json\/wp\/v2\/posts\/8371\/revisions\/8373"}],"wp:attachment":[{"href":"https:\/\/www.ifbaiano.edu.br\/unidades\/lapa\/wp-json\/wp\/v2\/media?parent=8371"}],"wp:term":[{"taxonomy":"category","embeddable":true,"href":"https:\/\/www.ifbaiano.edu.br\/unidades\/lapa\/wp-json\/wp\/v2\/categories?post=8371"},{"taxonomy":"post_tag","embeddable":true,"href":"https:\/\/www.ifbaiano.edu.br\/unidades\/lapa\/wp-json\/wp\/v2\/tags?post=8371"}],"curies":[{"name":"wp","href":"https:\/\/api.w.org\/{rel}","templated":true}]}}