{"id":859,"date":"2013-02-18T22:57:53","date_gmt":"2013-02-19T00:57:53","guid":{"rendered":"http:\/\/www.ifbaiano.edu.br\/unidades\/lapa\/?p=859"},"modified":"2013-02-18T22:57:53","modified_gmt":"2013-02-19T00:57:53","slug":"nomeacao-de-docentes-para-o-campus-bom-jesus-da-lapa","status":"publish","type":"post","link":"https:\/\/www.ifbaiano.edu.br\/unidades\/lapa\/2013\/02\/18\/nomeacao-de-docentes-para-o-campus-bom-jesus-da-lapa\/","title":{"rendered":"Nomea\u00e7\u00e3o de docentes para o Campus Bom Jesus da Lapa"},"content":{"rendered":"<p>As nomea\u00e7\u00f5es foram para professores de Letras, M\u00fasica, Matem\u00e1tica e Sa\u00fade e Seguran\u00e7a do Trabalho.<\/p>\n<p>Confira a Portaria, clicando <a href=\"http:\/\/www.in.gov.br\/visualiza\/index.jsp?jornal=2&amp;pagina=19&amp;data=18\/02\/2013\">aqui<\/a><\/p>\n","protected":false},"excerpt":{"rendered":"<p>As nomea\u00e7\u00f5es foram para professores de Letras, M\u00fasica, Matem\u00e1tica e Sa\u00fade e Seguran\u00e7a do Trabalho. Confira a Portaria, clicando aqui<\/p>\n","protected":false},"author":23,"featured_media":0,"comment_status":"open","ping_status":"open","sticky":false,"template":"","format":"standard","meta":[],"categories":[38],"tags":[],"_links":{"self":[{"href":"https:\/\/www.ifbaiano.edu.br\/unidades\/lapa\/wp-json\/wp\/v2\/posts\/859"}],"collection":[{"href":"https:\/\/www.ifbaiano.edu.br\/unidades\/lapa\/wp-json\/wp\/v2\/posts"}],"about":[{"href":"https:\/\/www.ifbaiano.edu.br\/unidades\/lapa\/wp-json\/wp\/v2\/types\/post"}],"author":[{"embeddable":true,"href":"https:\/\/www.ifbaiano.edu.br\/unidades\/lapa\/wp-json\/wp\/v2\/users\/23"}],"replies":[{"embeddable":true,"href":"https:\/\/www.ifbaiano.edu.br\/unidades\/lapa\/wp-json\/wp\/v2\/comments?post=859"}],"version-history":[{"count":2,"href":"https:\/\/www.ifbaiano.edu.br\/unidades\/lapa\/wp-json\/wp\/v2\/posts\/859\/revisions"}],"predecessor-version":[{"id":861,"href":"https:\/\/www.ifbaiano.edu.br\/unidades\/lapa\/wp-json\/wp\/v2\/posts\/859\/revisions\/861"}],"wp:attachment":[{"href":"https:\/\/www.ifbaiano.edu.br\/unidades\/lapa\/wp-json\/wp\/v2\/media?parent=859"}],"wp:term":[{"taxonomy":"category","embeddable":true,"href":"https:\/\/www.ifbaiano.edu.br\/unidades\/lapa\/wp-json\/wp\/v2\/categories?post=859"},{"taxonomy":"post_tag","embeddable":true,"href":"https:\/\/www.ifbaiano.edu.br\/unidades\/lapa\/wp-json\/wp\/v2\/tags?post=859"}],"curies":[{"name":"wp","href":"https:\/\/api.w.org\/{rel}","templated":true}]}}