{"id":8604,"date":"2017-09-25T11:20:39","date_gmt":"2017-09-25T14:20:39","guid":{"rendered":"http:\/\/www.ifbaiano.edu.br\/unidades\/lapa\/?p=8604"},"modified":"2017-09-25T11:20:39","modified_gmt":"2017-09-25T14:20:39","slug":"convocacao-em-3a-chamada-para-reuniao-com-candidatos-sisu","status":"publish","type":"post","link":"https:\/\/www.ifbaiano.edu.br\/unidades\/lapa\/2017\/09\/25\/convocacao-em-3a-chamada-para-reuniao-com-candidatos-sisu\/","title":{"rendered":"Convoca\u00e7\u00e3o em 3\u00aa Chamada para Reuni\u00e3o com Candidatos SiSu"},"content":{"rendered":"<hr \/>\n<p><a href=\"http:\/\/www.ifbaiano.edu.br\/unidades\/lapa\/files\/2017\/08\/banner-campus-bom-jesus-da-lapa-informa-1.jpg\"><img decoding=\"async\" loading=\"lazy\" class=\"aligncenter size-full wp-image-7972\" src=\"http:\/\/www.ifbaiano.edu.br\/unidades\/lapa\/files\/2017\/08\/banner-campus-bom-jesus-da-lapa-informa-1.jpg\" alt=\"banner-campus-bom-jesus-da-lapa-informa\" width=\"787\" height=\"107\" \/><\/a><\/p>\n<p>A reuni\u00e3o ser\u00e1 dia 27\/09\/17 \u00e0s 09h00 no Audit\u00f3rio do Campus Bom Jesus da Lapa.<\/p>\n<p>Leia a convoca\u00e7\u00e3o em anexo: <a href=\"http:\/\/www.ifbaiano.edu.br\/unidades\/lapa\/files\/2017\/09\/7.3-CONVOCA\u00c7\u00c3O-3\u00aa-CHAMADA-DA-LISTA-DE-ESPERA-BOM-JESUS-DA-LAPA.pdf\">CONVOCA\u00c7\u00c3O<\/a><\/p>\n<hr \/>\n<p>&nbsp;<\/p>\n","protected":false},"excerpt":{"rendered":"<p>A reuni\u00e3o ser\u00e1 dia 27\/09\/17 \u00e0s 09h00 no Audit\u00f3rio do Campus Bom Jesus da Lapa. Leia a convoca\u00e7\u00e3o em anexo: CONVOCA\u00c7\u00c3O &nbsp;<\/p>\n","protected":false},"author":84,"featured_media":0,"comment_status":"open","ping_status":"open","sticky":false,"template":"","format":"standard","meta":[],"categories":[64,24,65],"tags":[],"_links":{"self":[{"href":"https:\/\/www.ifbaiano.edu.br\/unidades\/lapa\/wp-json\/wp\/v2\/posts\/8604"}],"collection":[{"href":"https:\/\/www.ifbaiano.edu.br\/unidades\/lapa\/wp-json\/wp\/v2\/posts"}],"about":[{"href":"https:\/\/www.ifbaiano.edu.br\/unidades\/lapa\/wp-json\/wp\/v2\/types\/post"}],"author":[{"embeddable":true,"href":"https:\/\/www.ifbaiano.edu.br\/unidades\/lapa\/wp-json\/wp\/v2\/users\/84"}],"replies":[{"embeddable":true,"href":"https:\/\/www.ifbaiano.edu.br\/unidades\/lapa\/wp-json\/wp\/v2\/comments?post=8604"}],"version-history":[{"count":1,"href":"https:\/\/www.ifbaiano.edu.br\/unidades\/lapa\/wp-json\/wp\/v2\/posts\/8604\/revisions"}],"predecessor-version":[{"id":8606,"href":"https:\/\/www.ifbaiano.edu.br\/unidades\/lapa\/wp-json\/wp\/v2\/posts\/8604\/revisions\/8606"}],"wp:attachment":[{"href":"https:\/\/www.ifbaiano.edu.br\/unidades\/lapa\/wp-json\/wp\/v2\/media?parent=8604"}],"wp:term":[{"taxonomy":"category","embeddable":true,"href":"https:\/\/www.ifbaiano.edu.br\/unidades\/lapa\/wp-json\/wp\/v2\/categories?post=8604"},{"taxonomy":"post_tag","embeddable":true,"href":"https:\/\/www.ifbaiano.edu.br\/unidades\/lapa\/wp-json\/wp\/v2\/tags?post=8604"}],"curies":[{"name":"wp","href":"https:\/\/api.w.org\/{rel}","templated":true}]}}