{"id":862,"date":"2013-02-18T23:13:21","date_gmt":"2013-02-19T01:13:21","guid":{"rendered":"http:\/\/www.ifbaiano.edu.br\/unidades\/lapa\/?p=862"},"modified":"2013-02-18T23:13:45","modified_gmt":"2013-02-19T01:13:45","slug":"nomeada-coordenadora-de-registros-escolares-do-campus","status":"publish","type":"post","link":"https:\/\/www.ifbaiano.edu.br\/unidades\/lapa\/2013\/02\/18\/nomeada-coordenadora-de-registros-escolares-do-campus\/","title":{"rendered":"Designada Coordenadora de Registros Escolares do Campus"},"content":{"rendered":"<p>A servidora Mirian Alves Pereira \u00e9 a nova titular da pasta.<\/p>\n<p>A nomea\u00e7\u00e3o se deu por meio da Portaria 131, de 15 de fevereiro, Publicada no DOU de 18\/01\/2013.<\/p>\n<p>Confira, clicando <a href=\"http:\/\/www.in.gov.br\/visualiza\/index.jsp?jornal=2&amp;pagina=19&amp;data=18\/02\/2013\">aqui<\/a><\/p>\n<pre><\/pre>\n","protected":false},"excerpt":{"rendered":"<p>A servidora Mirian Alves Pereira \u00e9 a nova titular da pasta. A nomea\u00e7\u00e3o se deu por meio da Portaria 131, de 15 de fevereiro, Publicada no DOU de 18\/01\/2013. Confira, clicando aqui<\/p>\n","protected":false},"author":23,"featured_media":0,"comment_status":"open","ping_status":"open","sticky":false,"template":"","format":"standard","meta":[],"categories":[38],"tags":[],"_links":{"self":[{"href":"https:\/\/www.ifbaiano.edu.br\/unidades\/lapa\/wp-json\/wp\/v2\/posts\/862"}],"collection":[{"href":"https:\/\/www.ifbaiano.edu.br\/unidades\/lapa\/wp-json\/wp\/v2\/posts"}],"about":[{"href":"https:\/\/www.ifbaiano.edu.br\/unidades\/lapa\/wp-json\/wp\/v2\/types\/post"}],"author":[{"embeddable":true,"href":"https:\/\/www.ifbaiano.edu.br\/unidades\/lapa\/wp-json\/wp\/v2\/users\/23"}],"replies":[{"embeddable":true,"href":"https:\/\/www.ifbaiano.edu.br\/unidades\/lapa\/wp-json\/wp\/v2\/comments?post=862"}],"version-history":[{"count":3,"href":"https:\/\/www.ifbaiano.edu.br\/unidades\/lapa\/wp-json\/wp\/v2\/posts\/862\/revisions"}],"predecessor-version":[{"id":865,"href":"https:\/\/www.ifbaiano.edu.br\/unidades\/lapa\/wp-json\/wp\/v2\/posts\/862\/revisions\/865"}],"wp:attachment":[{"href":"https:\/\/www.ifbaiano.edu.br\/unidades\/lapa\/wp-json\/wp\/v2\/media?parent=862"}],"wp:term":[{"taxonomy":"category","embeddable":true,"href":"https:\/\/www.ifbaiano.edu.br\/unidades\/lapa\/wp-json\/wp\/v2\/categories?post=862"},{"taxonomy":"post_tag","embeddable":true,"href":"https:\/\/www.ifbaiano.edu.br\/unidades\/lapa\/wp-json\/wp\/v2\/tags?post=862"}],"curies":[{"name":"wp","href":"https:\/\/api.w.org\/{rel}","templated":true}]}}