{"id":866,"date":"2013-02-18T23:20:55","date_gmt":"2013-02-19T01:20:55","guid":{"rendered":"http:\/\/www.ifbaiano.edu.br\/unidades\/lapa\/?p=866"},"modified":"2013-02-18T23:32:30","modified_gmt":"2013-02-19T01:32:30","slug":"campus-realiza-projeto-biblioteca-viva","status":"publish","type":"post","link":"https:\/\/www.ifbaiano.edu.br\/unidades\/lapa\/2013\/02\/18\/campus-realiza-projeto-biblioteca-viva\/","title":{"rendered":"Campus realiza Projeto Biblioteca Viva"},"content":{"rendered":"<p>O projeto visa estimular estudantes do curso T\u00e9cnico em Inform\u00e1tica.<\/p>\n<p><!--more--><\/p>\n<p>O\u00a0 IF Baiano, campus Lapa, atrav\u00e9s do Projeto \u201cBiblioteca Viva\u201d, realizar\u00e1 uma exposi\u00e7\u00e3o sobre as grandes personalidades da inform\u00e1tica, uma forma de agregar informa\u00e7\u00e3o e entretenimento aos discentes, j\u00e1 que o campus possui o Curso T\u00e9cnico em Inform\u00e1tica, na modalidade subsequente.<\/p>\n<p>A primeira mostra ser\u00e1 realizada na biblioteca do campus, a partir do dia dezoito de fevereiro, e cada uma ter\u00e1 a dura\u00e7\u00e3o de quinze dias. Inicialmente, ser\u00e1 abordada a vida e obra de Bill Gates, atrav\u00e9s de filmes, informativos, slides e murais.<\/p>\n<p>Os professores da \u00e1rea da inform\u00e1tica avaliam a iniciativa como um est\u00edmulo aos estudantes do campus, j\u00e1 que a biblioteca \u00e9 um ambiente de troca de informa\u00e7\u00f5es, aprendizagem e conviv\u00eancia.<\/p>\n<p><a href=\"http:\/\/www.ifbaiano.edu.br\/unidades\/lapa\/files\/2013\/02\/essa.jpg\"><img decoding=\"async\" loading=\"lazy\" class=\"aligncenter size-full wp-image-870\" src=\"http:\/\/www.ifbaiano.edu.br\/unidades\/lapa\/files\/2013\/02\/essa.jpg\" alt=\"\" width=\"331\" height=\"152\" srcset=\"https:\/\/www.ifbaiano.edu.br\/unidades\/lapa\/files\/2013\/02\/essa.jpg 331w, https:\/\/www.ifbaiano.edu.br\/unidades\/lapa\/files\/2013\/02\/essa-300x137.jpg 300w\" sizes=\"(max-width: 331px) 100vw, 331px\" \/><\/a><\/p>\n<p><strong>Fonte:<\/strong> Comiss\u00e3o Organizadora<\/p>\n","protected":false},"excerpt":{"rendered":"<p>O projeto visa estimular estudantes do curso T\u00e9cnico em Inform\u00e1tica.<\/p>\n","protected":false},"author":23,"featured_media":0,"comment_status":"open","ping_status":"open","sticky":false,"template":"","format":"standard","meta":[],"categories":[1],"tags":[],"_links":{"self":[{"href":"https:\/\/www.ifbaiano.edu.br\/unidades\/lapa\/wp-json\/wp\/v2\/posts\/866"}],"collection":[{"href":"https:\/\/www.ifbaiano.edu.br\/unidades\/lapa\/wp-json\/wp\/v2\/posts"}],"about":[{"href":"https:\/\/www.ifbaiano.edu.br\/unidades\/lapa\/wp-json\/wp\/v2\/types\/post"}],"author":[{"embeddable":true,"href":"https:\/\/www.ifbaiano.edu.br\/unidades\/lapa\/wp-json\/wp\/v2\/users\/23"}],"replies":[{"embeddable":true,"href":"https:\/\/www.ifbaiano.edu.br\/unidades\/lapa\/wp-json\/wp\/v2\/comments?post=866"}],"version-history":[{"count":5,"href":"https:\/\/www.ifbaiano.edu.br\/unidades\/lapa\/wp-json\/wp\/v2\/posts\/866\/revisions"}],"predecessor-version":[{"id":868,"href":"https:\/\/www.ifbaiano.edu.br\/unidades\/lapa\/wp-json\/wp\/v2\/posts\/866\/revisions\/868"}],"wp:attachment":[{"href":"https:\/\/www.ifbaiano.edu.br\/unidades\/lapa\/wp-json\/wp\/v2\/media?parent=866"}],"wp:term":[{"taxonomy":"category","embeddable":true,"href":"https:\/\/www.ifbaiano.edu.br\/unidades\/lapa\/wp-json\/wp\/v2\/categories?post=866"},{"taxonomy":"post_tag","embeddable":true,"href":"https:\/\/www.ifbaiano.edu.br\/unidades\/lapa\/wp-json\/wp\/v2\/tags?post=866"}],"curies":[{"name":"wp","href":"https:\/\/api.w.org\/{rel}","templated":true}]}}