{"id":883,"date":"2013-03-15T16:31:36","date_gmt":"2013-03-15T18:31:36","guid":{"rendered":"http:\/\/www.ifbaiano.edu.br\/unidades\/lapa\/?p=883"},"modified":"2013-03-15T17:46:57","modified_gmt":"2013-03-15T19:46:57","slug":"feira-de-ciencias-da-sbpc-jovem","status":"publish","type":"post","link":"https:\/\/www.ifbaiano.edu.br\/unidades\/lapa\/2013\/03\/15\/feira-de-ciencias-da-sbpc-jovem\/","title":{"rendered":"Feira de Ci\u00eancias da SBPC Jovem"},"content":{"rendered":"<p>Inscri\u00e7\u00f5es abertas para Feira de Ci\u00eancias da SBPC Jovem at\u00e9 o dia 31\/03\/2013.<\/p>\n<p><!--more-->Est\u00e3o abertas at\u00e9 o dia 31 de mar\u00e7o as inscri\u00e7\u00f5es de trabalhos para a Feira de Ci\u00eancias da SBPC JOVEM que acontecer\u00e1 entre os dias 21 e 26 de julho, no campus Recife da Universidade Federal de Pernambuco (UFPE).<\/p>\n<p>Para mais informa\u00e7\u00f5es, acesse o Blog da UBES, onde pode ser feitas as inscri\u00e7\u00f5es<\/p>\n<p>Clique <a href=\"http:\/\/ubescomunica.wordpress.com\/feira.sbpc.jovem\/\">aqui<\/a>.<\/p>\n<p>&nbsp;<\/p>\n<p>&nbsp;<\/p>\n<p>&nbsp;<\/p>\n<p>&nbsp;<\/p>\n<p>&nbsp;<\/p>\n<p>&nbsp;<\/p>\n<p>&nbsp;<\/p>\n<p>&nbsp;<\/p>\n","protected":false},"excerpt":{"rendered":"<p>Inscri\u00e7\u00f5es abertas para Feira de Ci\u00eancias da SBPC Jovem at\u00e9 o dia 31\/03\/2013.<\/p>\n","protected":false},"author":23,"featured_media":0,"comment_status":"open","ping_status":"open","sticky":false,"template":"","format":"standard","meta":[],"categories":[1],"tags":[],"_links":{"self":[{"href":"https:\/\/www.ifbaiano.edu.br\/unidades\/lapa\/wp-json\/wp\/v2\/posts\/883"}],"collection":[{"href":"https:\/\/www.ifbaiano.edu.br\/unidades\/lapa\/wp-json\/wp\/v2\/posts"}],"about":[{"href":"https:\/\/www.ifbaiano.edu.br\/unidades\/lapa\/wp-json\/wp\/v2\/types\/post"}],"author":[{"embeddable":true,"href":"https:\/\/www.ifbaiano.edu.br\/unidades\/lapa\/wp-json\/wp\/v2\/users\/23"}],"replies":[{"embeddable":true,"href":"https:\/\/www.ifbaiano.edu.br\/unidades\/lapa\/wp-json\/wp\/v2\/comments?post=883"}],"version-history":[{"count":9,"href":"https:\/\/www.ifbaiano.edu.br\/unidades\/lapa\/wp-json\/wp\/v2\/posts\/883\/revisions"}],"predecessor-version":[{"id":916,"href":"https:\/\/www.ifbaiano.edu.br\/unidades\/lapa\/wp-json\/wp\/v2\/posts\/883\/revisions\/916"}],"wp:attachment":[{"href":"https:\/\/www.ifbaiano.edu.br\/unidades\/lapa\/wp-json\/wp\/v2\/media?parent=883"}],"wp:term":[{"taxonomy":"category","embeddable":true,"href":"https:\/\/www.ifbaiano.edu.br\/unidades\/lapa\/wp-json\/wp\/v2\/categories?post=883"},{"taxonomy":"post_tag","embeddable":true,"href":"https:\/\/www.ifbaiano.edu.br\/unidades\/lapa\/wp-json\/wp\/v2\/tags?post=883"}],"curies":[{"name":"wp","href":"https:\/\/api.w.org\/{rel}","templated":true}]}}