{"id":8946,"date":"2017-09-28T14:02:50","date_gmt":"2017-09-28T17:02:50","guid":{"rendered":"http:\/\/www.ifbaiano.edu.br\/unidades\/lapa\/?p=8946"},"modified":"2017-09-28T14:02:50","modified_gmt":"2017-09-28T17:02:50","slug":"convocacao-em-4a-chamada-para-reuniao-com-candidatos-sisu","status":"publish","type":"post","link":"https:\/\/www.ifbaiano.edu.br\/unidades\/lapa\/2017\/09\/28\/convocacao-em-4a-chamada-para-reuniao-com-candidatos-sisu\/","title":{"rendered":"Convoca\u00e7\u00e3o em 4\u00aa Chamada para Reuni\u00e3o com Candidatos SiSu"},"content":{"rendered":"<hr \/>\n<p><a href=\"http:\/\/www.ifbaiano.edu.br\/unidades\/lapa\/files\/2017\/08\/banner-campus-bom-jesus-da-lapa-informa-1.jpg\"><img decoding=\"async\" loading=\"lazy\" class=\"aligncenter size-full wp-image-7972\" src=\"http:\/\/www.ifbaiano.edu.br\/unidades\/lapa\/files\/2017\/08\/banner-campus-bom-jesus-da-lapa-informa-1.jpg\" alt=\"banner-campus-bom-jesus-da-lapa-informa\" width=\"787\" height=\"107\" \/><\/a><\/p>\n<p>A reuni\u00e3o ser\u00e1 dia 29\/09\/17 \u00e0s 08:00h no <em>Campus<\/em> Bom Jesus da Lapa do IF Baiano.<\/p>\n<p>Leia a convoca\u00e7\u00e3o em anexo:\u00a0<a href=\"http:\/\/www.ifbaiano.edu.br\/unidades\/lapa\/files\/2017\/09\/7.4-CONVOCA\u00c7\u00c3O-4\u00aa-CHAMADA-DA-LISTA-DE-ESPERA-BOM-JESUS-DA-LAPA.pdf\">CONVOCA\u00c7\u00c3O<\/a><\/p>\n<hr \/>\n<p>&nbsp;<\/p>\n","protected":false},"excerpt":{"rendered":"<p>A reuni\u00e3o ser\u00e1 dia 29\/09\/17 \u00e0s 08:00h no Campus Bom Jesus da Lapa do IF Baiano. Leia a convoca\u00e7\u00e3o em anexo:\u00a0CONVOCA\u00c7\u00c3O &nbsp;<\/p>\n","protected":false},"author":84,"featured_media":0,"comment_status":"open","ping_status":"open","sticky":false,"template":"","format":"standard","meta":[],"categories":[64,24,65],"tags":[],"_links":{"self":[{"href":"https:\/\/www.ifbaiano.edu.br\/unidades\/lapa\/wp-json\/wp\/v2\/posts\/8946"}],"collection":[{"href":"https:\/\/www.ifbaiano.edu.br\/unidades\/lapa\/wp-json\/wp\/v2\/posts"}],"about":[{"href":"https:\/\/www.ifbaiano.edu.br\/unidades\/lapa\/wp-json\/wp\/v2\/types\/post"}],"author":[{"embeddable":true,"href":"https:\/\/www.ifbaiano.edu.br\/unidades\/lapa\/wp-json\/wp\/v2\/users\/84"}],"replies":[{"embeddable":true,"href":"https:\/\/www.ifbaiano.edu.br\/unidades\/lapa\/wp-json\/wp\/v2\/comments?post=8946"}],"version-history":[{"count":1,"href":"https:\/\/www.ifbaiano.edu.br\/unidades\/lapa\/wp-json\/wp\/v2\/posts\/8946\/revisions"}],"predecessor-version":[{"id":8948,"href":"https:\/\/www.ifbaiano.edu.br\/unidades\/lapa\/wp-json\/wp\/v2\/posts\/8946\/revisions\/8948"}],"wp:attachment":[{"href":"https:\/\/www.ifbaiano.edu.br\/unidades\/lapa\/wp-json\/wp\/v2\/media?parent=8946"}],"wp:term":[{"taxonomy":"category","embeddable":true,"href":"https:\/\/www.ifbaiano.edu.br\/unidades\/lapa\/wp-json\/wp\/v2\/categories?post=8946"},{"taxonomy":"post_tag","embeddable":true,"href":"https:\/\/www.ifbaiano.edu.br\/unidades\/lapa\/wp-json\/wp\/v2\/tags?post=8946"}],"curies":[{"name":"wp","href":"https:\/\/api.w.org\/{rel}","templated":true}]}}